{"id":6210,"date":"2020-05-10T01:26:02","date_gmt":"2020-05-10T01:26:02","guid":{"rendered":"https:\/\/oparanews.com.br\/?p=6210"},"modified":"2020-05-10T01:26:02","modified_gmt":"2020-05-10T01:26:02","slug":"brasil-ultrapassa-10-mil-mortos-pelo-coronavirus","status":"publish","type":"post","link":"https:\/\/www.oparanews.com.br\/index.php\/2020\/05\/10\/brasil-ultrapassa-10-mil-mortos-pelo-coronavirus\/","title":{"rendered":"Brasil ultrapassa 10 mil mortos pelo coronav\u00edrus"},"content":{"rendered":"<p>O Brasil ultrapassou neste s\u00e1bado (9) a marca de 10 mil mortos pelo novo coronav\u00edrus. De acordo com dados do Minist\u00e9rio da Sa\u00fade, o Pa\u00eds tem 10.627 \u00f3bitos. Em 24 horas, o registro de \u00f3bitos confirmados foi de 730. S\u00e3o 155.939 casos confirmados da doen\u00e7a em todo o Pa\u00eds, 10.611 casos registrados em 24 horas.<\/p>\n<p>O Pa\u00eds j\u00e1 est\u00e1 entre as na\u00e7\u00f5es com maior n\u00famero de mortes pela doen\u00e7a, ficando atr\u00e1s dos Estados Unidos (77.489), novo epicentro mundial da covid-19, Reino Unido (31.662), It\u00e1lia (30.395), Espanha (26.299) e Fran\u00e7a (26.233), pa\u00edses europeus que foram castigados pelo v\u00edrus. O ranking \u00e9 baseado nos dados compilados pela Universidade Johns Hopkins. O Brasil j\u00e1 havia ultrapassado a China, marco zero da covid-19, no dia 28 de abril.<\/p>\n<p>De acordo com o Minist\u00e9rio da Sa\u00fade, o n\u00famero de mortes registradas nas \u00faltimas 24 horas n\u00e3o indica quantas pessoas faleceram entre um dia e outro, mas sim o n\u00famero de mortes que tiveram como causa confirmada o coronav\u00edrus nesse intervalo. Ou seja, esse n\u00famero pode conter \u00f3bitos que ocorreram anteriormente, mas que s\u00f3 recentemente foram diagnosticados como decorrentes do novo coronav\u00edrus e registrados nas estat\u00edsticas oficiais do Minist\u00e9rio da Sa\u00fade. Mesmo assim, o n\u00famero oficial de registros vem numa crescente.<\/p>\n<p>J\u00e1 em n\u00famero de casos confirmados, ainda de acordo com Johns Hopkins, o Brasil est\u00e1 na oitava posi\u00e7\u00e3o, com 146.894 doentes, atr\u00e1s de Estados Unidos (1.286.833), Espanha (222.857), It\u00e1lia (217.185), Reino Unido (212.629), R\u00fassia (198.675), Fran\u00e7a (176.202) e Alemanha (170.643).<\/p>\n<p><strong>Lockdown<\/strong><\/p>\n<p>Diante deste cen\u00e1rio, especialistas afirmam que o lockdown \u00e9 uma medida necess\u00e1ria para evitar uma explos\u00e3o ainda maior de casos em capitais e regi\u00f5es metropolitanas. &#8220;V\u00e1rios estados est\u00e3o com a demanda dos servi\u00e7os de sa\u00fade no limite e tudo indica que teremos um forte aumento de casos e de \u00f3bitos nas pr\u00f3ximas semanas. Este cen\u00e1rio indica a necessidade de que as autoridades indiquem o lockdown, medida que deve ser associada a a\u00e7\u00f5es de apoio a popula\u00e7\u00f5es socialmente vulner\u00e1veis&#8221;, defende epidemiologista Eliseu Alves Waldman, professor da Faculdade de Sa\u00fade P\u00fablica da USP.<\/p>\n<p>Luciana Costa, diretora-adjunta do Instituto de Microbiologia da Universidade Federal do Rio de Janeiro (UFRJ), vai al\u00e9m sobre a possibilidade de efic\u00e1cia do lockdown. &#8220;O lockdown \u00e9 a \u00fanica solu\u00e7\u00e3o neste momento que pode ter alguma efic\u00e1cia para controlar a curva epid\u00eamica que est\u00e1 indo para o descontrole. As medidas de isolamento social n\u00e3o tiveram ades\u00e3o da popula\u00e7\u00e3o como deveriam. Isso foi consequ\u00eancia de informa\u00e7\u00f5es truncadas e mensagens opostas enviadas por prefeitos e governadores e o presidente da Rep\u00fablica&#8221;, diz.<\/p>\n<p>&#8220;A gente v\u00ea que a epidemia pode se expandir muito rapidamente diante de mais aglomera\u00e7\u00f5es e atividades no local. Se n\u00e3o for feito nada que interrompa as novas transmiss\u00f5es, o Brasil pode se tornar o novo epicentro da pandemia, juntamente com os Estados Unidos&#8221;, diz a especialista do Laborat\u00f3rio de Gen\u00e9tica e Imunologia das Infec\u00e7\u00f5es Virais.<\/p>\n<p>A medida de quarentena compuls\u00f3ria, em que ficar em casa \u00e9 uma obriga\u00e7\u00e3o e n\u00e3o uma recomenda\u00e7\u00e3o, j\u00e1 foi adotada pelo governo do Par\u00e1 na capital, Bel\u00e9m, e em outras grandes cidades do estado desde ter\u00e7a-feira, dia 5. Na regi\u00e3o Nordeste, Maranh\u00e3o e Cear\u00e1 decretaram medidas similares. Em S\u00e3o Paulo, estado onde houve a primeira morte de covid-19 no pa\u00eds, no dia 17 de mar\u00e7o, as medidas de distanciamento social e o fechamento de com\u00e9rcios n\u00e3o essenciais foram prorrogadas. No Estado de S\u00e3o Paulo, a quarentena vai at\u00e9 o dia 31 de maio. E a Prefeitura anunciou um rod\u00edzio de ve\u00edculos mais restritivo, que vale a partir de segunda-feira, e quer tirar 50% dos carros das ruas. O Estado registrou na sexta, pela segunda vez, a taxa mais baixa de isolamento social, 46%. A meta \u00e9 60% e o ideal para evitar o colapso do sistema de sa\u00fade \u00e9 70%. Na Grande S\u00e3o Paulo, a taxa de ocupa\u00e7\u00e3o em leitos de UTI \u00e9 de 90%. No Estado, \u00e9 de 70%<\/p>\n<p><strong>Outros pa\u00edses e o Brasil<\/strong><\/p>\n<p>O momento atual se tornou &#8220;preocupante&#8221; na opini\u00e3o dos pesquisadores porque o Brasil n\u00e3o fez a li\u00e7\u00e3o de casa. O virologista Fl\u00e1vio Guimar\u00e3es da Fonseca, que atua no Centro de Tecnologia de Vacinas (CT Vacinas), afirma que o Brasil desperdi\u00e7ou a oportunidade de observar a evolu\u00e7\u00e3o da pandemia em outros pa\u00edses, como It\u00e1lia, Espanha e Reino Unido, que come\u00e7aram a sofrer antes os efeitos da pandemia. &#8220;A realidade de outros pa\u00edses, inclusive ocidentais, poderia ser utilizada como modelo para preparar a popula\u00e7\u00e3o. Isso n\u00e3o foi feito de uma forma uniforme em todo o Brasil&#8221;, diz o pesquisador do Departamento de Microbiologia da UFMG.<\/p>\n<p>No in\u00edcio do m\u00eas de mar\u00e7o, a It\u00e1lia, por exemplo, era o pa\u00eds mais afetado da Europa pela covid-19. L\u00e1, a primeira morte foi confirmada no dia 21 de fevereiro. Quase cinco semanas depois, o pa\u00eds j\u00e1 ultrapassava as 10 mil v\u00edtimas. O pa\u00eds demorou para responder \u00e0 emerg\u00eancia e registra mais de 30 mil mortes.<\/p>\n<p>Rafaela Rosa-Ribeiro, doutora em biologia celular e estrutural e que trabalha atualmente com grupo de virologistas no Ospedale San Raffaele em Mil\u00e3o, afirma que est\u00e1 assistindo ao mesmo filme pela segunda vez. O primeiro foi em solo italiano; o segundo, no Brasil. &#8220;Parece um filme que est\u00e1 se repetindo com um roteiro diferente. A It\u00e1lia subestimou a doen\u00e7a de certa forma, n\u00e3o por maldade, mas por ignor\u00e2ncia. Fomos o primeiro pa\u00eds atingido fora da China. Depois, o pa\u00eds chegou a ser elogiado por conta das medidas r\u00e1pidas. No dia 11 de mar\u00e7o j\u00e1 estava tudo fechado, com exce\u00e7\u00e3o de farm\u00e1cias e supermercados. Foram dois meses de lockdown&#8221;, diz a cientista brasileira. &#8220;Tenho fam\u00edlia no Brasil e estou preocupada. As pessoas n\u00e3o est\u00e3o conseguindo entender a gravidade da doen\u00e7a. Na It\u00e1lia, os cientistas foram ouvidos&#8221;, diz.<\/p>\n<p>&#8220;Entendo que o Brasil \u00e9 um pa\u00eds muito diferente dos pa\u00edses europeus. \u00c9 mais complicado tomar medidas dr\u00e1sticas por causa da quantidade de pessoas, condi\u00e7\u00f5es sanit\u00e1rias e econ\u00f4micas. Mas muita gente que pode ficar em casa e empresas que poderiam deixar funcion\u00e1rios em home office n\u00e3o est\u00e3o pensando na doen\u00e7a&#8221;, enumera.<\/p>\n<p><strong>Baixa testagem<\/strong><\/p>\n<p>O infectologista Antonio Bandeira, diretor da Sociedade Brasileira de Infectologia (SBI) e professor da Faculdade de Tecnologia e Ci\u00eancias Uniftc, lembra que o Brasil tamb\u00e9m n\u00e3o se preparou em rela\u00e7\u00e3o \u00e0 realiza\u00e7\u00e3o de testes. O especialista afirma que o Brasil fez 340 mil testes enquanto o n\u00famero nos Estados Unidos \u00e9 de dois milh\u00f5es. Dos oito pa\u00edses com maior quantidade de casos, o Brasil \u00e9 o que menos testa. De acordo com o n\u00famero de testes por 1.000 habitantes, apresentados nesta sexta-feira pelo Observat\u00f3rio Covid-BR os Estados Unidos registram a m\u00e9dia de 24,4, a Espanha, 28,9, a It\u00e1lia, 38,3, a Alemanha, 32,8. O \u00edndice no Brasil \u00e9 de apenas 1,4.<\/p>\n<p>&#8220;Os testes moleculares (PCR) precisam expandidos. Isso \u00e9 fundamental. O teste permite captar o n\u00famero de pacientes, ajudar no planejamento de sa\u00fade e reduzir a subnotifica\u00e7\u00e3o. Com o teste, \u00e9 poss\u00edvel definir o isolamento domiciliar para que a pessoa infectada n\u00e3o contamine outros pacientes&#8221; explica.<\/p>\n<p>Por conta da falta de testes, Jean Pierre Schatzmann Peron, pesquisador l\u00edder da Plataforma Pasteur\/ USP, que desenvolve estudos com foco em anticorpos e imunopatog\u00eanese, calcula que o n\u00famero de contaminados seja de tr\u00eas a cinco vezes maior no Pa\u00eds. &#8220;A gente n\u00e3o consegue testar todo mundo&#8221;, resume.<\/p>\n<p><strong>Preven\u00e7\u00e3o<\/strong><\/p>\n<p>Alexandre Cunha, infectologista do Grupo Sabin e vice-presidente da Sociedade de Infectologia do Distrito Federal, afirma que a principal preocupa\u00e7\u00e3o tem de ser com a velocidade de propaga\u00e7\u00e3o da doen\u00e7a e n\u00e3o necessariamente com os n\u00fameros absolutos. &#8220;Nos pa\u00edses onde se conseguiu manejar a epidemia sem sobrecarga do sistema de sa\u00fade, a mortalidade foi aquela esperada. Nos pa\u00edses com situa\u00e7\u00e3o hospitalar razo\u00e1vel, mas onde o sistema de sa\u00fade entrou em colapso, a mortalidade foi v\u00e1rias vezes maior do que em pa\u00edses onde o sistema suportou&#8221;, argumenta.<\/p>\n<p>&#8220;Nossa grande preocupa\u00e7\u00e3o \u00e9 a velocidade com que esses casos e a capacidade de absor\u00e7\u00e3o do sistema de sa\u00fade. No Brasil, a situa\u00e7\u00e3o tem de ser analisada em cada munic\u00edpio. O que \u00e9 bom para uma regi\u00e3o pode n\u00e3o ser boa para outra. Cada munic\u00edpio vai atingir o pico em momentos diferentes&#8221;, diferencia.<\/p>\n<p>Como o coronav\u00edrus se espalha facilmente entre as pessoas, a infectologia Sylvia Lemos, consultora em Biosseguran\u00e7a e Controle de Infec\u00e7\u00f5es e tamb\u00e9m membro da SBI, afirma que os cuidados individuais com higieniza\u00e7\u00e3o das m\u00e3os e o uso de m\u00e1scaras s\u00e3o fundamentais para conter a pandemia. &#8220;Os h\u00e1bitos que estamos adotando agora ser\u00e3o levados para toda a vida. \u00c9 fundamental lavar as m\u00e3os, com \u00e1gua e sab\u00e3o, fazer a higieniza\u00e7\u00e3o quando voltar da rua com \u00e1lcool gel. O ideal \u00e9 ficar em casa. Se n\u00e3o for poss\u00edvel, \u00e9 muito importante usar m\u00e1scaras, manter a dist\u00e2ncia de um metro, no m\u00ednimo, e evitar aglomera\u00e7\u00f5es&#8221;, explica.<\/p>\n<p>&nbsp;<\/p>\n<p><strong>Fonte: Terra<\/strong><\/p>\n<p>&nbsp;<\/p>\n","protected":false},"excerpt":{"rendered":"<p>O Brasil ultrapassou neste s\u00e1bado (9) a marca de 10 mil mortos pelo novo coronav\u00edrus. De acordo com dados do Minist\u00e9rio da Sa\u00fade, o Pa\u00eds tem 10.627 \u00f3bitos. Em 24 horas, o registro de \u00f3bitos confirmados foi de 730. S\u00e3o 155.939 casos confirmados da doen\u00e7a em todo o Pa\u00eds, 10.611 casos registrados em 24 horas. &hellip;<\/p>\n","protected":false},"author":1,"featured_media":6211,"comment_status":"open","ping_status":"open","sticky":false,"template":"","format":"standard","meta":{"_jetpack_newsletter_access":"","_jetpack_dont_email_post_to_subs":false,"_jetpack_newsletter_tier_id":0,"_jetpack_memberships_contains_paywalled_content":false,"_jetpack_memberships_contains_paid_content":false,"footnotes":""},"categories":[1],"tags":[],"class_list":["post-6210","post","type-post","status-publish","format-standard","has-post-thumbnail","hentry","category-destaque"],"jetpack_sharing_enabled":true,"jetpack_featured_media_url":"","_links":{"self":[{"href":"https:\/\/www.oparanews.com.br\/index.php\/wp-json\/wp\/v2\/posts\/6210","targetHints":{"allow":["GET"]}}],"collection":[{"href":"https:\/\/www.oparanews.com.br\/index.php\/wp-json\/wp\/v2\/posts"}],"about":[{"href":"https:\/\/www.oparanews.com.br\/index.php\/wp-json\/wp\/v2\/types\/post"}],"author":[{"embeddable":true,"href":"https:\/\/www.oparanews.com.br\/index.php\/wp-json\/wp\/v2\/users\/1"}],"replies":[{"embeddable":true,"href":"https:\/\/www.oparanews.com.br\/index.php\/wp-json\/wp\/v2\/comments?post=6210"}],"version-history":[{"count":0,"href":"https:\/\/www.oparanews.com.br\/index.php\/wp-json\/wp\/v2\/posts\/6210\/revisions"}],"wp:attachment":[{"href":"https:\/\/www.oparanews.com.br\/index.php\/wp-json\/wp\/v2\/media?parent=6210"}],"wp:term":[{"taxonomy":"category","embeddable":true,"href":"https:\/\/www.oparanews.com.br\/index.php\/wp-json\/wp\/v2\/categories?post=6210"},{"taxonomy":"post_tag","embeddable":true,"href":"https:\/\/www.oparanews.com.br\/index.php\/wp-json\/wp\/v2\/tags?post=6210"}],"curies":[{"name":"wp","href":"https:\/\/api.w.org\/{rel}","templated":true}]}}