{"id":6213,"date":"2020-05-10T01:30:12","date_gmt":"2020-05-10T01:30:12","guid":{"rendered":"https:\/\/oparanews.com.br\/?p=6213"},"modified":"2020-05-10T01:30:12","modified_gmt":"2020-05-10T01:30:12","slug":"felipe-neto-cobra-posicionamento-de-influenciadores","status":"publish","type":"post","link":"https:\/\/www.oparanews.com.br\/index.php\/2020\/05\/10\/felipe-neto-cobra-posicionamento-de-influenciadores\/","title":{"rendered":"Felipe Neto cobra posicionamento de influenciadores"},"content":{"rendered":"<p>O influenciador digital e youtuber Felipe Neto publicou neste s\u00e1bado (9) em suas redes sociais, um &#8220;v\u00eddeo-carta aberta&#8221; convocando artistas, cantores e influenciadores digitais a se posicionarem contra o presidente da Rep\u00fablica, Jair Bolsonaro. &#8220;Estamos oficialmente contra um regime fascista, e quem se cala perante o fascismo \u00e9 fascista. Ponto final&#8221;, disse o youtuber.<\/p>\n<p>Neto inicia o v\u00eddeo dizendo que ningu\u00e9m \u00e9 obrigado a se manifestar politicamente. No entanto, criticou &#8220;grandes artistas&#8221;, &#8220;youtubers&#8221; e &#8220;grandes instagrammers&#8221; por ficarem calados durante o pleito eleitoral de 2018 e no come\u00e7o da gest\u00e3o Bolsonaro, citando eventos como o caso Queiroz. No entanto, para o influenciador, o ponto de virada para exigir o posicionamento de figuras p\u00fablicas foi a presen\u00e7a do presidente em uma manifesta\u00e7\u00e3o contra o Congresso e o STF.<\/p>\n<p>&#8220;No momento que ele vai numa manifesta\u00e7\u00e3o que pede o fechamento do STF e do Congresso Nacional, que pede a implementa\u00e7\u00e3o do AI-5, de ditadura militar, e ele vai nessa manifesta\u00e7\u00e3o, e ele grita no palanque dessa manifesta\u00e7\u00e3o, acabou passada de pano. Influenciador que n\u00e3o se manifesta agora \u00e9 c\u00famplice. Estamos oficialmente contra um regime fascista, e quem se cala perante o fascismo \u00e9 fascista. Ponto final&#8221;, declarou.<\/p>\n<p>Neto tamb\u00e9m aproveitou o v\u00eddeo para criticar influenciadores que, na opini\u00e3o dele, estariam ficando &#8220;em cima do muro&#8221; para n\u00e3o perder seguidores e nem contratos &#8211; Felipe Neto \u00e9 um dos maiores influenciadores digitais do Brasil, com mais de 11,4 milh\u00f5es de seguidores no Twitter e 37,7 milh\u00f5es de inscritos no YouTube.<\/p>\n<p>&#8220;Eu dei unfollow em todo mundo que ficou calado esse tempo todo, que continua calado nesse momento. Para mim, \u00e9 uma cambada de covarde, uma cambada de gente que est\u00e1 mais preocupado com a quantidade de seguidores e dinheiro que ganha do que com o futuro da sua p\u00e1tria, da sua na\u00e7\u00e3o e da sua pr\u00f3pria liberdade.&#8221;<\/p>\n<p>&#8220;Eu acho que isso \u00e9 muito mais digno, muito menos covarde e \u00e9 a minha fun\u00e7\u00e3o como influenciador, como pessoa que tem grande alcance, \u00e9 minha fun\u00e7\u00e3o lutar pela liberdade, pela liberdade de express\u00e3o, pela liberdade de pensamento, pela pluralidade, pelo estado laico. Quem se cala nesse momento perante o fascismo, torna-se fascista&#8221;.<\/p>\n<p>&nbsp;<\/p>\n<p><strong>Fonte: Terra<\/strong><\/p>\n<p>&nbsp;<\/p>\n","protected":false},"excerpt":{"rendered":"<p>O influenciador digital e youtuber Felipe Neto publicou neste s\u00e1bado (9) em suas redes sociais, um &#8220;v\u00eddeo-carta aberta&#8221; convocando artistas, cantores e influenciadores digitais a se posicionarem contra o presidente da Rep\u00fablica, Jair Bolsonaro. &#8220;Estamos oficialmente contra um regime fascista, e quem se cala perante o fascismo \u00e9 fascista. Ponto final&#8221;, disse o youtuber. Neto &hellip;<\/p>\n","protected":false},"author":1,"featured_media":6214,"comment_status":"open","ping_status":"open","sticky":false,"template":"","format":"standard","meta":{"_jetpack_newsletter_access":"","_jetpack_dont_email_post_to_subs":false,"_jetpack_newsletter_tier_id":0,"_jetpack_memberships_contains_paywalled_content":false,"_jetpack_memberships_contains_paid_content":false,"footnotes":""},"categories":[1],"tags":[],"class_list":["post-6213","post","type-post","status-publish","format-standard","has-post-thumbnail","hentry","category-destaque"],"jetpack_sharing_enabled":true,"jetpack_featured_media_url":"","_links":{"self":[{"href":"https:\/\/www.oparanews.com.br\/index.php\/wp-json\/wp\/v2\/posts\/6213","targetHints":{"allow":["GET"]}}],"collection":[{"href":"https:\/\/www.oparanews.com.br\/index.php\/wp-json\/wp\/v2\/posts"}],"about":[{"href":"https:\/\/www.oparanews.com.br\/index.php\/wp-json\/wp\/v2\/types\/post"}],"author":[{"embeddable":true,"href":"https:\/\/www.oparanews.com.br\/index.php\/wp-json\/wp\/v2\/users\/1"}],"replies":[{"embeddable":true,"href":"https:\/\/www.oparanews.com.br\/index.php\/wp-json\/wp\/v2\/comments?post=6213"}],"version-history":[{"count":0,"href":"https:\/\/www.oparanews.com.br\/index.php\/wp-json\/wp\/v2\/posts\/6213\/revisions"}],"wp:attachment":[{"href":"https:\/\/www.oparanews.com.br\/index.php\/wp-json\/wp\/v2\/media?parent=6213"}],"wp:term":[{"taxonomy":"category","embeddable":true,"href":"https:\/\/www.oparanews.com.br\/index.php\/wp-json\/wp\/v2\/categories?post=6213"},{"taxonomy":"post_tag","embeddable":true,"href":"https:\/\/www.oparanews.com.br\/index.php\/wp-json\/wp\/v2\/tags?post=6213"}],"curies":[{"name":"wp","href":"https:\/\/api.w.org\/{rel}","templated":true}]}}