{"id":6216,"date":"2020-05-10T01:31:46","date_gmt":"2020-05-10T01:31:46","guid":{"rendered":"https:\/\/oparanews.com.br\/?p=6216"},"modified":"2020-05-10T01:31:46","modified_gmt":"2020-05-10T01:31:46","slug":"babu-santana-comemora-contrato-com-a-globo","status":"publish","type":"post","link":"https:\/\/www.oparanews.com.br\/index.php\/2020\/05\/10\/babu-santana-comemora-contrato-com-a-globo\/","title":{"rendered":"Babu Santana comemora contrato com a Globo"},"content":{"rendered":"<p><a href=\"https:\/\/oparanews.com.br\/wp-content\/uploads\/2020\/05\/Sem-t\u00edtulo22222-60.jpg\"><img loading=\"lazy\" decoding=\"async\" class=\"alignleft size-medium wp-image-6217\" src=\"https:\/\/oparanews.com.br\/wp-content\/uploads\/2020\/05\/Sem-t\u00edtulo22222-60-300x257.jpg\" alt=\"\" width=\"300\" height=\"257\" \/><\/a>Babu Santana, ator que participou do BBB 20, publicou uma foto em seu Instagram nesta sexta-feira, 8, mostrando seu crach\u00e1 na Globo e comemorando estar empregado.<\/p>\n<p>&#8220;Em tempos dif\u00edceis como esse que passamos, \u00e9 um privil\u00e9gio dizer a voc\u00eas que o Paiz\u00e3o n\u00e3o est\u00e1 mais desempregado! Gratid\u00e3o \u00e0 Rede Globo e a todos voc\u00eas que torceram e torcem por mim! Favela!&#8221;, escreveu.<\/p>\n<p>Na foto, Babu Santana aparece usando uma m\u00e1scara, um dos itens usados durante a pandemia do novo coronav\u00edrus. Recentemente, o ator falou sobre o &#8216;susto&#8217; que levou ao voltar a acompanhar not\u00edcias depois dos cerca de tr\u00eas meses de confinamento no Big Brother Brasil (leia mais aqui).<\/p>\n<p>O E+ entrou em contato com a assessoria da Globo, que confirmou a informa\u00e7\u00e3o: &#8220;Sim, Babu \u00e9 contratado. Mas ainda nao temos detalhes dos projetos.&#8221;<\/p>\n<p>&nbsp;<\/p>\n<p><strong>Fonte: Terra<\/strong><\/p>\n<p>&nbsp;<\/p>\n","protected":false},"excerpt":{"rendered":"<p>Babu Santana, ator que participou do BBB 20, publicou uma foto em seu Instagram nesta sexta-feira, 8, mostrando seu crach\u00e1 na Globo e comemorando estar empregado. &#8220;Em tempos dif\u00edceis como esse que passamos, \u00e9 um privil\u00e9gio dizer a voc\u00eas que o Paiz\u00e3o n\u00e3o est\u00e1 mais desempregado! Gratid\u00e3o \u00e0 Rede Globo e a todos voc\u00eas que &hellip;<\/p>\n","protected":false},"author":1,"featured_media":6219,"comment_status":"open","ping_status":"open","sticky":false,"template":"","format":"standard","meta":{"_jetpack_newsletter_access":"","_jetpack_dont_email_post_to_subs":false,"_jetpack_newsletter_tier_id":0,"_jetpack_memberships_contains_paywalled_content":false,"_jetpack_memberships_contains_paid_content":false,"footnotes":""},"categories":[1],"tags":[],"class_list":["post-6216","post","type-post","status-publish","format-standard","has-post-thumbnail","hentry","category-destaque"],"jetpack_sharing_enabled":true,"jetpack_featured_media_url":"","_links":{"self":[{"href":"https:\/\/www.oparanews.com.br\/index.php\/wp-json\/wp\/v2\/posts\/6216","targetHints":{"allow":["GET"]}}],"collection":[{"href":"https:\/\/www.oparanews.com.br\/index.php\/wp-json\/wp\/v2\/posts"}],"about":[{"href":"https:\/\/www.oparanews.com.br\/index.php\/wp-json\/wp\/v2\/types\/post"}],"author":[{"embeddable":true,"href":"https:\/\/www.oparanews.com.br\/index.php\/wp-json\/wp\/v2\/users\/1"}],"replies":[{"embeddable":true,"href":"https:\/\/www.oparanews.com.br\/index.php\/wp-json\/wp\/v2\/comments?post=6216"}],"version-history":[{"count":0,"href":"https:\/\/www.oparanews.com.br\/index.php\/wp-json\/wp\/v2\/posts\/6216\/revisions"}],"wp:attachment":[{"href":"https:\/\/www.oparanews.com.br\/index.php\/wp-json\/wp\/v2\/media?parent=6216"}],"wp:term":[{"taxonomy":"category","embeddable":true,"href":"https:\/\/www.oparanews.com.br\/index.php\/wp-json\/wp\/v2\/categories?post=6216"},{"taxonomy":"post_tag","embeddable":true,"href":"https:\/\/www.oparanews.com.br\/index.php\/wp-json\/wp\/v2\/tags?post=6216"}],"curies":[{"name":"wp","href":"https:\/\/api.w.org\/{rel}","templated":true}]}}