{"id":6228,"date":"2020-05-10T01:47:28","date_gmt":"2020-05-10T01:47:28","guid":{"rendered":"https:\/\/oparanews.com.br\/?p=6228"},"modified":"2020-05-10T01:47:28","modified_gmt":"2020-05-10T01:47:28","slug":"vigilancia-sanitaria-fiscaliza-o-cumprimento-de-medidas-contra-covid-19-em-penedo","status":"publish","type":"post","link":"https:\/\/www.oparanews.com.br\/index.php\/2020\/05\/10\/vigilancia-sanitaria-fiscaliza-o-cumprimento-de-medidas-contra-covid-19-em-penedo\/","title":{"rendered":"Vigil\u00e2ncia Sanit\u00e1ria fiscaliza o cumprimento de medidas contra Covid-19 em Penedo"},"content":{"rendered":"<p>Com o objetivo de fiscalizar o cumprimento das medidas adotadas nos n\u00edveis estadual e municipal, para evitar a propaga\u00e7\u00e3o do Novo Coronavirus (Covid-19), al\u00e9m de orientar a popula\u00e7\u00e3o e os empres\u00e1rios, a Vigil\u00e2ncia Sanit\u00e1ria, \u00f3rg\u00e3o da Secretaria Municipal de Sa\u00fade, realiza visitas peri\u00f3dicas em estabelecimentos comerciais e banc\u00e1rios de Penedo.<\/p>\n<p>De acordo com o Coordenador da Vigil\u00e2ncia Sanit\u00e1ria Municipal, \u00c2ngelo Mendes, o trabalho inicialmente \u00e9 educativo, visando informar sobre a import\u00e2ncia de cumprir as normas que constam nos decretos municipal e estadual sobre o combate \u00e0 transmiss\u00e3o da doen\u00e7a.<\/p>\n<p>Por\u00e9m, em caso de resist\u00eancia no cumprimento da lei, poder\u00e1 ocorrer a aplica\u00e7\u00e3o de multas estabelecidas no C\u00f3digo Tribut\u00e1rio Municipal, assim como outras medidas cab\u00edveis.<\/p>\n<p>Para refor\u00e7ar a fiscaliza\u00e7\u00e3o, funcion\u00e1rios da Vigil\u00e2ncia Sanit\u00e1ria estiveram em ag\u00eancias bancarias e casas lot\u00e9ricas, verificando o uso de \u00e1lcool em gel ou a higieniza\u00e7\u00e3o das m\u00e3os dos clientes que adentram os locais e o respeito ao distanciamento m\u00ednimo de 1,5 metros, entre as pessoas, na fila de acesso.<\/p>\n<p>A equipe da Vigil\u00e2ncia Sanit\u00e1ria tamb\u00e9m visitou supermercados, mercadinhos e o Mercado Municipal da Carne para supervisionar o recebimento e a proced\u00eancia de produtos.<\/p>\n<p><strong>Reuni\u00e3o com empres\u00e1rios<\/strong><\/p>\n<p>De acordo com \u00c2ngelo Mendes, durante as visitas os fiscais observam o distanciamento m\u00ednimo de 1,5m entre uma pessoa e outra nas filas, al\u00e9m do uso da m\u00e1scara e disponibiliza\u00e7\u00e3o de \u00e1lcool em gel.<\/p>\n<p>As equipes volantes tamb\u00e9m observam os estabelecimentos que devem estar fechados, de acordo com o que foi estabelecido no decreto estadual, enquanto durar a pandemia.<\/p>\n<p>O Coordenador da Vigil\u00e2ncia Sanit\u00e1ria Municipal enfatiza que foi realizada uma reuni\u00e3o com todo o segmento empresarial penedense, com a presen\u00e7a tamb\u00e9m dos gerentes das ag\u00eancias banc\u00e1rias, recebendo uma resposta positiva de todos com rela\u00e7\u00e3o ao entendimento da necessidade das medidas adotadas.<\/p>\n<p>Por\u00e9m, parte da popula\u00e7\u00e3o usu\u00e1ria insiste em desrespeitar o distanciamento m\u00ednimo de 1,5 metros, facilitando a propaga\u00e7\u00e3o do coronav\u00edrus.<\/p>\n<p>\u201cApesar de nossas orienta\u00e7\u00f5es, muitos insistem em n\u00e3o obedecer. Nestes casos n\u00e3o teremos outra op\u00e7\u00e3o, a n\u00e3o ser multar os estabelecimentos que s\u00e3o os respons\u00e1veis por organizar o acesso e evitar aglomera\u00e7\u00f5es\u201d, destacou.<\/p>\n<p>Recentemente em Alagoas foram estabelecidas novas regras de combate ao Covid-19, a exemplo do uso obrigat\u00f3rio de m\u00e1scara nas ruas, proibi\u00e7\u00e3o de perman\u00eancia em logradouros p\u00fablicos e a permiss\u00e3o apenas de uma pessoa entrar nos estabelecimentos comerciais que est\u00e3o autorizados a funcionar. Al\u00e9m de proibir o acesso a praias, rios, lagos, pra\u00e7as, entre outros, sendo mantidas as proibi\u00e7\u00f5es anteriores.<\/p>\n<p>&nbsp;<\/p>\n<p><strong>por Thiago Sobral &#8211; Decom (PMP)<\/strong><\/p>\n<p>&nbsp;<\/p>\n","protected":false},"excerpt":{"rendered":"<p>Com o objetivo de fiscalizar o cumprimento das medidas adotadas nos n\u00edveis estadual e municipal, para evitar a propaga\u00e7\u00e3o do Novo Coronavirus (Covid-19), al\u00e9m de orientar a popula\u00e7\u00e3o e os empres\u00e1rios, a Vigil\u00e2ncia Sanit\u00e1ria, \u00f3rg\u00e3o da Secretaria Municipal de Sa\u00fade, realiza visitas peri\u00f3dicas em estabelecimentos comerciais e banc\u00e1rios de Penedo. De acordo com o Coordenador &hellip;<\/p>\n","protected":false},"author":1,"featured_media":6229,"comment_status":"open","ping_status":"open","sticky":false,"template":"","format":"standard","meta":{"_jetpack_newsletter_access":"","_jetpack_dont_email_post_to_subs":false,"_jetpack_newsletter_tier_id":0,"_jetpack_memberships_contains_paywalled_content":false,"_jetpack_memberships_contains_paid_content":false,"footnotes":""},"categories":[1],"tags":[],"class_list":["post-6228","post","type-post","status-publish","format-standard","has-post-thumbnail","hentry","category-destaque"],"jetpack_sharing_enabled":true,"jetpack_featured_media_url":"","_links":{"self":[{"href":"https:\/\/www.oparanews.com.br\/index.php\/wp-json\/wp\/v2\/posts\/6228","targetHints":{"allow":["GET"]}}],"collection":[{"href":"https:\/\/www.oparanews.com.br\/index.php\/wp-json\/wp\/v2\/posts"}],"about":[{"href":"https:\/\/www.oparanews.com.br\/index.php\/wp-json\/wp\/v2\/types\/post"}],"author":[{"embeddable":true,"href":"https:\/\/www.oparanews.com.br\/index.php\/wp-json\/wp\/v2\/users\/1"}],"replies":[{"embeddable":true,"href":"https:\/\/www.oparanews.com.br\/index.php\/wp-json\/wp\/v2\/comments?post=6228"}],"version-history":[{"count":0,"href":"https:\/\/www.oparanews.com.br\/index.php\/wp-json\/wp\/v2\/posts\/6228\/revisions"}],"wp:attachment":[{"href":"https:\/\/www.oparanews.com.br\/index.php\/wp-json\/wp\/v2\/media?parent=6228"}],"wp:term":[{"taxonomy":"category","embeddable":true,"href":"https:\/\/www.oparanews.com.br\/index.php\/wp-json\/wp\/v2\/categories?post=6228"},{"taxonomy":"post_tag","embeddable":true,"href":"https:\/\/www.oparanews.com.br\/index.php\/wp-json\/wp\/v2\/tags?post=6228"}],"curies":[{"name":"wp","href":"https:\/\/api.w.org\/{rel}","templated":true}]}}