{"id":6231,"date":"2020-05-10T01:52:35","date_gmt":"2020-05-10T01:52:35","guid":{"rendered":"https:\/\/oparanews.com.br\/?p=6231"},"modified":"2020-05-10T01:52:35","modified_gmt":"2020-05-10T01:52:35","slug":"semdsh-penedo-entrega-cestas-basicas-na-comunidade-do-areial","status":"publish","type":"post","link":"https:\/\/www.oparanews.com.br\/index.php\/2020\/05\/10\/semdsh-penedo-entrega-cestas-basicas-na-comunidade-do-areial\/","title":{"rendered":"Semdsh Penedo entrega cestas b\u00e1sicas na comunidade do Areial"},"content":{"rendered":"<p>A equipe da Secretaria Municipal de Desenvolvimento Social e Habita\u00e7\u00e3o da Prefeitura de Penedo (Semdsh) esteve na manh\u00e3 deste s\u00e1bado (9), no Conjunto Ivana Toledo \u2013 conhecido popularmente por Areial \u2013 para realizar a entrega de cestas b\u00e1sicas.<\/p>\n<p>Os alimentos foram enviados pelo Governo Estadual para pessoas em situa\u00e7\u00e3o de extrema pobreza e inscritas no Cadastro \u00danico do munic\u00edpio (CAD\u00danico).<\/p>\n<p>De acordo com o gestor da Semdsh, Vin\u00edcius Barbosa, a sele\u00e7\u00e3o das fam\u00edlias que tem direito a receber a cesta b\u00e1sica ocorreu em parceria com a Secretaria Municipal de Sa\u00fade, e o cruzamento de dados do CAD\u00danico.<\/p>\n<p>Dessa forma, com as informa\u00e7\u00f5es obtidas com os agentes de sa\u00fade das diversas localidades foi poss\u00edvel identificar as pessoas mais necessitadas, sendo indispens\u00e1vel a participa\u00e7\u00e3o deles para identificar as fam\u00edlias que mais necessitam das cestas. Os agentes de sa\u00fade tamb\u00e9m auxiliam na entrega dos alimentos em diversas localidades.<\/p>\n<p>O Secret\u00e1rio da Semdsh destaca ainda que os crit\u00e9rios adotados para a distribui\u00e7\u00e3o das cestas beneficiam pessoas que n\u00e3o est\u00e3o inseridas em nenhum programa federal, nem recebem o aux\u00edlio emergencial por conta do Covid-19.<\/p>\n<p>\u201cNo Areial, por ser um territ\u00f3rio socialmente mais vulner\u00e1vel e com uma quantidade menor de fam\u00edlias, n\u00f3s buscamos contemplar todas as fam\u00edlias. Para isso, nossas equipes do Servi\u00e7o Social fizeram uma triagem na manh\u00e3 de ontem (sexta-feira, 08) e validamos todas as fam\u00edlias que, de fato, necessitavam do nosso apoio\u201d, enfatizou<\/p>\n<p>Ao todo j\u00e1 foram entregues at\u00e9 o momento 440 cestas b\u00e1sicas na zona rural de Penedo e outras 420 em bairros da zona urbana. A distribui\u00e7\u00e3o continua seguindo o cronograma definido pela Semdsh Penedo.<\/p>\n<p><strong>Beneficiadas<\/strong><\/p>\n<p>Uma das beneficiadas foi a jovem m\u00e3e Ivonete Alves da Silva, residente em uma rua de dif\u00edcil acesso. Ela ficou muito feliz com a entrega, afirmando que esses alimentos ajudar\u00e3o a resolver parte das dificuldades que enfrenta por conta da pandemia do Covid-19.<\/p>\n<p>Outra beneficiada foi a moradora Cristiana da Silva, que agradeceu a toda equipe da Semdsh Penedo pelo auxilio e a aten\u00e7\u00e3o disponibilizada.<\/p>\n<p>Est\u00e3o inclu\u00eddas na situa\u00e7\u00e3o de extrema pobreza as fam\u00edlias que sobrevivem com valores de R$ 89,00 at\u00e9 R$ 178,00 por m\u00eas, considerando ainda a presen\u00e7a na fam\u00edlia de crian\u00e7as e adolescentes de 0 a 15 anos, idosos, portadores de defici\u00eancia, gestantes e pu\u00e9rperes.<\/p>\n<p>&nbsp;<\/p>\n<p><strong>por Thiago Sobral &#8211; Decom (PMP)<\/strong><\/p>\n<p>&nbsp;<\/p>\n","protected":false},"excerpt":{"rendered":"<p>A equipe da Secretaria Municipal de Desenvolvimento Social e Habita\u00e7\u00e3o da Prefeitura de Penedo (Semdsh) esteve na manh\u00e3 deste s\u00e1bado (9), no Conjunto Ivana Toledo \u2013 conhecido popularmente por Areial \u2013 para realizar a entrega de cestas b\u00e1sicas. Os alimentos foram enviados pelo Governo Estadual para pessoas em situa\u00e7\u00e3o de extrema pobreza e inscritas no &hellip;<\/p>\n","protected":false},"author":1,"featured_media":6232,"comment_status":"open","ping_status":"open","sticky":false,"template":"","format":"standard","meta":{"_jetpack_newsletter_access":"","_jetpack_dont_email_post_to_subs":false,"_jetpack_newsletter_tier_id":0,"_jetpack_memberships_contains_paywalled_content":false,"_jetpack_memberships_contains_paid_content":false,"footnotes":""},"categories":[1],"tags":[],"class_list":["post-6231","post","type-post","status-publish","format-standard","has-post-thumbnail","hentry","category-destaque"],"jetpack_sharing_enabled":true,"jetpack_featured_media_url":"","_links":{"self":[{"href":"https:\/\/www.oparanews.com.br\/index.php\/wp-json\/wp\/v2\/posts\/6231","targetHints":{"allow":["GET"]}}],"collection":[{"href":"https:\/\/www.oparanews.com.br\/index.php\/wp-json\/wp\/v2\/posts"}],"about":[{"href":"https:\/\/www.oparanews.com.br\/index.php\/wp-json\/wp\/v2\/types\/post"}],"author":[{"embeddable":true,"href":"https:\/\/www.oparanews.com.br\/index.php\/wp-json\/wp\/v2\/users\/1"}],"replies":[{"embeddable":true,"href":"https:\/\/www.oparanews.com.br\/index.php\/wp-json\/wp\/v2\/comments?post=6231"}],"version-history":[{"count":0,"href":"https:\/\/www.oparanews.com.br\/index.php\/wp-json\/wp\/v2\/posts\/6231\/revisions"}],"wp:attachment":[{"href":"https:\/\/www.oparanews.com.br\/index.php\/wp-json\/wp\/v2\/media?parent=6231"}],"wp:term":[{"taxonomy":"category","embeddable":true,"href":"https:\/\/www.oparanews.com.br\/index.php\/wp-json\/wp\/v2\/categories?post=6231"},{"taxonomy":"post_tag","embeddable":true,"href":"https:\/\/www.oparanews.com.br\/index.php\/wp-json\/wp\/v2\/tags?post=6231"}],"curies":[{"name":"wp","href":"https:\/\/api.w.org\/{rel}","templated":true}]}}