{"id":6237,"date":"2020-05-10T19:41:39","date_gmt":"2020-05-10T19:41:39","guid":{"rendered":"https:\/\/oparanews.com.br\/?p=6237"},"modified":"2020-05-10T19:41:39","modified_gmt":"2020-05-10T19:41:39","slug":"prefeito-de-penedo-anuncia-pelas-redes-sociais-o-inicio-de-dois-novos-projetos","status":"publish","type":"post","link":"https:\/\/www.oparanews.com.br\/index.php\/2020\/05\/10\/prefeito-de-penedo-anuncia-pelas-redes-sociais-o-inicio-de-dois-novos-projetos\/","title":{"rendered":"Prefeito de Penedo anuncia pelas redes sociais o in\u00edcio de dois novos projetos"},"content":{"rendered":"<p>Cumprindo quarentena ap\u00f3s testar positivo para o COVID-19, o prefeito de Penedo Marcius Beltr\u00e3o (PDT), fez uso das redes sociais para anunciar dois grandes novos projetos j\u00e1 em andamento. Um deles \u00e9 a constru\u00e7\u00e3o da nova Escola Municipal de Educa\u00e7\u00e3o B\u00e1sica Douglas Apratto Ten\u00f3rio. O segundo e ousado projeto \u00e9 a transforma\u00e7\u00e3o do antigo Sesi em um moderno complexo esportivo para contemplar v\u00e1rias modalidades.<\/p>\n<p>Ao todo, ser\u00e3o investidos mais de R$ 4 milh\u00f5es em ambos, recursos do Munic\u00edpio. \u201cNo primeiro projeto estamos cumprindo uma promessa feita aos moradores do bairro Santo Ant\u00f4nio. Naquela ocasi\u00e3o, em que o antigo pr\u00e9dio foi condenado por problemas estruturais (terreno alagadi\u00e7o) e demolido, afirmei que iria erguer uma nova escola dentro da pr\u00f3pria comunidade. Preparamos todas as ruas do entorno com pavimenta\u00e7\u00e3o, o Governo de Alagoas fez a doa\u00e7\u00e3o do terreno e em breve vamos entregar uma moderna escola para atender todas as crian\u00e7as do nosso querido Barro Vermelho\u201d, explicou o prefeito.<\/p>\n<p>Para a secret\u00e1ria de Educa\u00e7\u00e3o, C\u00edntya Alves, com esse dois grandes projetos Penedo vai dar mais uma grande salto na educa\u00e7\u00e3o p\u00fablica de qualidade aliada ao esporte em suas mais variadas modalidades.<\/p>\n<p>\u201cPenedo vem mostrando que a Educa\u00e7\u00e3o \u00e9 coisa s\u00e9ria e deve ser tratada com respeito. O ensino de qualidade \u00e9 a \u00fanica arma que pode proporcionar um futuro digno para nossas crian\u00e7as. Por eles devemos lutar com unhas e dentes para que alcancem o que almejam. Estamos modernizando todas as escolas, dotando de refrigera\u00e7\u00e3o, computadores, livros did\u00e1ticos de qualidade e, agora, todo o material escolar de gra\u00e7a, nunca feito em Penedo. Queremos todo os alunos em sala de aula, sem desculpa nenhuma dos pais. E mais essa novidade, vamos aliar o ensino ao esporte com o moderno Complexo Estudantil Municipal. Toda a comunidade escolar de Penedo pode festejar\u201d, comemorou a secret\u00e1ria.<\/p>\n<p>Complexo Esportivo. Vejam o que contempla:<\/p>\n<p>\u2013 Reforma das duas piscinas:<br \/>\n*Piscina semi ol\u00edmpica com bloco de sa\u00edda;<br \/>\n* Piscina padr\u00e3o para uso de hidrogin\u00e1stica e outras pr\u00e1ticas esportivas;<br \/>\n\u2013 Pista de atletismo de 426,36 m;<br \/>\n\u2013 Pista de salto com vara tamanho oficial;<br \/>\n\u2013 Pista de salto triplo tamanho oficial;<br \/>\n\u2013 Revitaliza\u00e7\u00e3o do campo de futebol com ilumina\u00e7\u00e3o e todos os equipamentos;<br \/>\n\u2013 Revitaliza\u00e7\u00e3o do gin\u00e1sio;<br \/>\n\u2013 Instala\u00e7\u00e3o de gerador;<br \/>\n\u2013 Muro de todo o complexo;<br \/>\n\u2013 Revitaliza\u00e7\u00e3o de toda pavimenta\u00e7\u00e3o asf\u00e1ltica;<br \/>\n\u2013 Reforma da sede da Secretaria de Educa\u00e7\u00e3o.<\/p>\n<p>\u201cVamos transformar o antigo Sesi em um grande centro esportivo para atender todas as modalidades. Penedo \u00e9 cheia de bons exemplos nos esportes, gente que veio de baixo, buscou seu espa\u00e7o e conseguiu se destacar at\u00e9 em competi\u00e7\u00f5es fora do Brasil. Queremos isso, incentivar maci\u00e7amente os esportes em todas as s\u00e9ries. Queremos abrir mais caminhos para nossas crian\u00e7as e o Complexo ser\u00e1 um grande aliado. Penedo ganhar\u00e1 muito com esse importante equipamento voltado unicamente aos esportes\u201d, garantiu o prefeito Marcius Beltr\u00e3o.<\/p>\n<p>&nbsp;<\/p>\n<p><strong>por Roberto Miranda<\/strong><\/p>\n<p>&nbsp;<\/p>\n","protected":false},"excerpt":{"rendered":"<p>Cumprindo quarentena ap\u00f3s testar positivo para o COVID-19, o prefeito de Penedo Marcius Beltr\u00e3o (PDT), fez uso das redes sociais para anunciar dois grandes novos projetos j\u00e1 em andamento. Um deles \u00e9 a constru\u00e7\u00e3o da nova Escola Municipal de Educa\u00e7\u00e3o B\u00e1sica Douglas Apratto Ten\u00f3rio. O segundo e ousado projeto \u00e9 a transforma\u00e7\u00e3o do antigo Sesi &hellip;<\/p>\n","protected":false},"author":1,"featured_media":6238,"comment_status":"open","ping_status":"open","sticky":false,"template":"","format":"standard","meta":{"_jetpack_newsletter_access":"","_jetpack_dont_email_post_to_subs":false,"_jetpack_newsletter_tier_id":0,"_jetpack_memberships_contains_paywalled_content":false,"_jetpack_memberships_contains_paid_content":false,"footnotes":""},"categories":[1],"tags":[],"class_list":["post-6237","post","type-post","status-publish","format-standard","has-post-thumbnail","hentry","category-destaque"],"jetpack_sharing_enabled":true,"jetpack_featured_media_url":"","_links":{"self":[{"href":"https:\/\/www.oparanews.com.br\/index.php\/wp-json\/wp\/v2\/posts\/6237","targetHints":{"allow":["GET"]}}],"collection":[{"href":"https:\/\/www.oparanews.com.br\/index.php\/wp-json\/wp\/v2\/posts"}],"about":[{"href":"https:\/\/www.oparanews.com.br\/index.php\/wp-json\/wp\/v2\/types\/post"}],"author":[{"embeddable":true,"href":"https:\/\/www.oparanews.com.br\/index.php\/wp-json\/wp\/v2\/users\/1"}],"replies":[{"embeddable":true,"href":"https:\/\/www.oparanews.com.br\/index.php\/wp-json\/wp\/v2\/comments?post=6237"}],"version-history":[{"count":0,"href":"https:\/\/www.oparanews.com.br\/index.php\/wp-json\/wp\/v2\/posts\/6237\/revisions"}],"wp:attachment":[{"href":"https:\/\/www.oparanews.com.br\/index.php\/wp-json\/wp\/v2\/media?parent=6237"}],"wp:term":[{"taxonomy":"category","embeddable":true,"href":"https:\/\/www.oparanews.com.br\/index.php\/wp-json\/wp\/v2\/categories?post=6237"},{"taxonomy":"post_tag","embeddable":true,"href":"https:\/\/www.oparanews.com.br\/index.php\/wp-json\/wp\/v2\/tags?post=6237"}],"curies":[{"name":"wp","href":"https:\/\/api.w.org\/{rel}","templated":true}]}}