{"id":6243,"date":"2020-05-10T19:55:11","date_gmt":"2020-05-10T19:55:11","guid":{"rendered":"https:\/\/oparanews.com.br\/?p=6243"},"modified":"2020-05-10T19:55:11","modified_gmt":"2020-05-10T19:55:11","slug":"liga-avisa-que-o-campeonato-volta-em-12-de-junho-diz-jornal","status":"publish","type":"post","link":"https:\/\/www.oparanews.com.br\/index.php\/2020\/05\/10\/liga-avisa-que-o-campeonato-volta-em-12-de-junho-diz-jornal\/","title":{"rendered":"Liga avisa que o campeonato volta em 12 de junho, diz jornal"},"content":{"rendered":"<p>A liga espanhola, La Liga, avisou aos 20 representantes da primeira divis\u00e3o que o recome\u00e7o do campeonato ser\u00e1 no dia 12 de junho. Segundo o &#8220;As&#8221;, os clubes come\u00e7aram os treinos neste fim de semana j\u00e1 tendo em mente que o retorno dos jogos deve acontecer nesta data. Com isso, haveria praticamente um m\u00eas de recupera\u00e7\u00e3o do confinamento provocado pela pandemia do coronav\u00edrus.<\/p>\n<p>De acordo com a reportagem do jornal espanhol deste domingo, a retomada no dia 12 de junho ainda depende da aprova\u00e7\u00e3o do Minist\u00e9rio da Sa\u00fade. Outra alternativa \u00e9 recome\u00e7ar no dia 19 de junho. Dessa forma, o Campeonato Espanhol ocorreria nos meses de junho e julho e agosto seria o m\u00eas para outras competi\u00e7\u00f5es, como a Liga dos Campe\u00f5es (Real Madrid, Barcelona e Atl\u00e9tico de Madrid seguem vivos no torneio).<\/p>\n<p>Segundo informa\u00e7\u00f5es deste domingo da cadeia de r\u00e1dios &#8220;Cope&#8221;, de todos os testes para Covid-19 realizados em mais de mil jogadores da primeira e segunda divis\u00e3o da Espanha, apenas cinco deram positivo.<\/p>\n<p>Real Madrid: 30% de corte no sal\u00e1rio na pr\u00f3xima temporada<\/p>\n<p>A diretoria do Real Madrid negocia para reduzir em 30% o sal\u00e1rio do elenco principal para a pr\u00f3xima temporada. Segundo o &#8220;As&#8221;, essa diminui\u00e7\u00e3o \u00e9 independente a de 10% j\u00e1 promovida para a atual temporada, impactada fortemente pela pandemia do coronav\u00edrus. A medida valeria para os jogadores e altos cargos do clube, mas n\u00e3o o resto dos funcion\u00e1rios (ao todo, s\u00e3o mais de 800).<\/p>\n<p>De acordo com o &#8220;As&#8221;, o Real Madrid investe por ano cerca de 283 milh\u00f5es de euros na folha salarial do time principal. Se conseguir a redu\u00e7\u00e3o de 30%, isso significaria uma economia de 83 milh\u00f5es de euros. O valor pode chegar a 100 milh\u00f5es de euros se alcan\u00e7ar o mesmo com os vencimentos do Real Madrid B e dos grandes diretores do clube.<\/p>\n<p>Sem resultados positivos de Covid-19, o Real Madrid volta aos treinos nesta segunda-feira, no Centro de Treinamento de Valdebebas.<\/p>\n<p>&nbsp;<\/p>\n<p><strong>Fonte: Globoesporte<\/strong><\/p>\n<p>&nbsp;<\/p>\n","protected":false},"excerpt":{"rendered":"<p>A liga espanhola, La Liga, avisou aos 20 representantes da primeira divis\u00e3o que o recome\u00e7o do campeonato ser\u00e1 no dia 12 de junho. Segundo o &#8220;As&#8221;, os clubes come\u00e7aram os treinos neste fim de semana j\u00e1 tendo em mente que o retorno dos jogos deve acontecer nesta data. Com isso, haveria praticamente um m\u00eas de &hellip;<\/p>\n","protected":false},"author":1,"featured_media":6244,"comment_status":"open","ping_status":"open","sticky":false,"template":"","format":"standard","meta":{"_jetpack_newsletter_access":"","_jetpack_dont_email_post_to_subs":false,"_jetpack_newsletter_tier_id":0,"_jetpack_memberships_contains_paywalled_content":false,"_jetpack_memberships_contains_paid_content":false,"footnotes":""},"categories":[1],"tags":[],"class_list":["post-6243","post","type-post","status-publish","format-standard","has-post-thumbnail","hentry","category-destaque"],"jetpack_sharing_enabled":true,"jetpack_featured_media_url":"","_links":{"self":[{"href":"https:\/\/www.oparanews.com.br\/index.php\/wp-json\/wp\/v2\/posts\/6243","targetHints":{"allow":["GET"]}}],"collection":[{"href":"https:\/\/www.oparanews.com.br\/index.php\/wp-json\/wp\/v2\/posts"}],"about":[{"href":"https:\/\/www.oparanews.com.br\/index.php\/wp-json\/wp\/v2\/types\/post"}],"author":[{"embeddable":true,"href":"https:\/\/www.oparanews.com.br\/index.php\/wp-json\/wp\/v2\/users\/1"}],"replies":[{"embeddable":true,"href":"https:\/\/www.oparanews.com.br\/index.php\/wp-json\/wp\/v2\/comments?post=6243"}],"version-history":[{"count":0,"href":"https:\/\/www.oparanews.com.br\/index.php\/wp-json\/wp\/v2\/posts\/6243\/revisions"}],"wp:attachment":[{"href":"https:\/\/www.oparanews.com.br\/index.php\/wp-json\/wp\/v2\/media?parent=6243"}],"wp:term":[{"taxonomy":"category","embeddable":true,"href":"https:\/\/www.oparanews.com.br\/index.php\/wp-json\/wp\/v2\/categories?post=6243"},{"taxonomy":"post_tag","embeddable":true,"href":"https:\/\/www.oparanews.com.br\/index.php\/wp-json\/wp\/v2\/tags?post=6243"}],"curies":[{"name":"wp","href":"https:\/\/api.w.org\/{rel}","templated":true}]}}