{"id":6250,"date":"2020-05-10T20:01:47","date_gmt":"2020-05-10T20:01:47","guid":{"rendered":"https:\/\/oparanews.com.br\/?p=6250"},"modified":"2020-05-10T20:01:47","modified_gmt":"2020-05-10T20:01:47","slug":"brasil-tem-mais-casos-ativos-da-covid-19-que-italia","status":"publish","type":"post","link":"https:\/\/www.oparanews.com.br\/index.php\/2020\/05\/10\/brasil-tem-mais-casos-ativos-da-covid-19-que-italia\/","title":{"rendered":"Brasil tem mais casos ativos da covid-19 que It\u00e1lia"},"content":{"rendered":"<p>Com o avan\u00e7o da pandemia do novo coronav\u00edrus, o Brasil ultrapassou a It\u00e1lia, um dos pa\u00edses mais atingidos do mundo, em n\u00famero absoluto de casos &#8220;em acompanhamento&#8221;.<\/p>\n<p>Esse dado re\u00fane as pessoas que j\u00e1 tiveram a infec\u00e7\u00e3o pelo Sars-CoV-2 confirmada, mas que n\u00e3o morreram nem se curaram, ou seja, continuam contaminadas. De acordo com o balan\u00e7o do Minist\u00e9rio da Sa\u00fade divulgado no s\u00e1bado, 9, o Brasil soma 83.627 casos do novo coronav\u00edrus em acompanhamento.<\/p>\n<p>J\u00e1 a It\u00e1lia, segundo os dados deste domingo, 10, da Defesa Civil, tem 83.324 cont\u00e1gios ainda ativos. Em 27 de abril, quando esse n\u00famero come\u00e7ou a cair de forma ininterrupta, o pa\u00eds europeu somava 105.813 casos em acompanhamento, enquanto o Brasil tinha 30.816.<\/p>\n<p>Esse dado mostra os momentos opostos vividos pelas duas na\u00e7\u00f5es no combate \u00e0 pandemia. A It\u00e1lia vem registrando uma tend\u00eancia de queda no n\u00famero di\u00e1rio de mortes e, mesmo assim, tem cada vez menos casos ativos.<\/p>\n<p>O resultado disso \u00e9 que menos pessoas necessitam de cuidados m\u00e9dicos ao mesmo tempo, inclusive em unidades de terapia intensiva, reduzindo a press\u00e3o sobre o sistema de sa\u00fade.<\/p>\n<p>J\u00e1 o Brasil v\u00ea o n\u00famero de casos em acompanhamento crescer na casa dos milhares diariamente, mesmo com uma m\u00e9dia de 554 mortes confirmadas a cada 24 horas na \u00faltima semana &#8211; a It\u00e1lia teve m\u00e9dia de 241 \u00f3bitos por dia no mesmo per\u00edodo.<\/p>\n<p><strong>N\u00fameros relativos<\/strong><\/p>\n<p>Por outro lado, quando se analisa os n\u00fameros frente ao tamanho da popula\u00e7\u00e3o, os dados do Brasil ainda est\u00e3o longe dos da It\u00e1lia.<\/p>\n<p>O pa\u00eds europeu soma 219.070 casos do novo coronav\u00edrus, o que representa 3.629 para cada 1 milh\u00e3o de habitantes, segundo os dados populacionais do Instituto Nacional de Estat\u00edstica (Istat). O Brasil, por sua vez, tem 155.939, sendo 737\/1 milh\u00e3o de habitantes, de acordo com a proje\u00e7\u00e3o atualizada da popula\u00e7\u00e3o feita pelo Instituto Brasileiro de Geografia e Estat\u00edstica.<\/p>\n<p>Considerando apenas os casos em acompanhamento, a taxa no Brasil \u00e9 de 395\/1 milh\u00e3o de habitantes, contra 1.380\/1 milh\u00e3o de habitantes na It\u00e1lia.<\/p>\n<p>&nbsp;<\/p>\n<p><strong>Fonte: Terra<\/strong><\/p>\n<p>&nbsp;<\/p>\n","protected":false},"excerpt":{"rendered":"<p>Com o avan\u00e7o da pandemia do novo coronav\u00edrus, o Brasil ultrapassou a It\u00e1lia, um dos pa\u00edses mais atingidos do mundo, em n\u00famero absoluto de casos &#8220;em acompanhamento&#8221;. Esse dado re\u00fane as pessoas que j\u00e1 tiveram a infec\u00e7\u00e3o pelo Sars-CoV-2 confirmada, mas que n\u00e3o morreram nem se curaram, ou seja, continuam contaminadas. De acordo com o &hellip;<\/p>\n","protected":false},"author":1,"featured_media":6251,"comment_status":"open","ping_status":"open","sticky":false,"template":"","format":"standard","meta":{"_jetpack_newsletter_access":"","_jetpack_dont_email_post_to_subs":false,"_jetpack_newsletter_tier_id":0,"_jetpack_memberships_contains_paywalled_content":false,"_jetpack_memberships_contains_paid_content":false,"footnotes":""},"categories":[1],"tags":[],"class_list":["post-6250","post","type-post","status-publish","format-standard","has-post-thumbnail","hentry","category-destaque"],"jetpack_sharing_enabled":true,"jetpack_featured_media_url":"","_links":{"self":[{"href":"https:\/\/www.oparanews.com.br\/index.php\/wp-json\/wp\/v2\/posts\/6250","targetHints":{"allow":["GET"]}}],"collection":[{"href":"https:\/\/www.oparanews.com.br\/index.php\/wp-json\/wp\/v2\/posts"}],"about":[{"href":"https:\/\/www.oparanews.com.br\/index.php\/wp-json\/wp\/v2\/types\/post"}],"author":[{"embeddable":true,"href":"https:\/\/www.oparanews.com.br\/index.php\/wp-json\/wp\/v2\/users\/1"}],"replies":[{"embeddable":true,"href":"https:\/\/www.oparanews.com.br\/index.php\/wp-json\/wp\/v2\/comments?post=6250"}],"version-history":[{"count":0,"href":"https:\/\/www.oparanews.com.br\/index.php\/wp-json\/wp\/v2\/posts\/6250\/revisions"}],"wp:attachment":[{"href":"https:\/\/www.oparanews.com.br\/index.php\/wp-json\/wp\/v2\/media?parent=6250"}],"wp:term":[{"taxonomy":"category","embeddable":true,"href":"https:\/\/www.oparanews.com.br\/index.php\/wp-json\/wp\/v2\/categories?post=6250"},{"taxonomy":"post_tag","embeddable":true,"href":"https:\/\/www.oparanews.com.br\/index.php\/wp-json\/wp\/v2\/tags?post=6250"}],"curies":[{"name":"wp","href":"https:\/\/api.w.org\/{rel}","templated":true}]}}