{"id":6253,"date":"2020-05-11T01:15:16","date_gmt":"2020-05-11T01:15:16","guid":{"rendered":"https:\/\/oparanews.com.br\/?p=6253"},"modified":"2020-05-11T01:15:16","modified_gmt":"2020-05-11T01:15:16","slug":"roberto-carlos-defende-isolamento-radical","status":"publish","type":"post","link":"https:\/\/www.oparanews.com.br\/index.php\/2020\/05\/11\/roberto-carlos-defende-isolamento-radical\/","title":{"rendered":"Roberto Carlos defende isolamento &#8220;radical&#8221;"},"content":{"rendered":"<p>Roberto Carlos fez hoje sua live em homenagem ao dia das m\u00e3es &#8211; a segunda do cantor durante a quarentena pelo novo coronav\u00edrus -, e o &#8216;Rei&#8217; abriu sua apresenta\u00e7\u00e3o entoando &#8220;Lady Laura&#8221;, can\u00e7\u00e3o que homenageia sua m\u00e3e. A escolha rompeu uma esp\u00e9cie de &#8216;tradi\u00e7\u00e3o&#8217; de Roberto, que quase sempre abre seus shows com a m\u00fasica &#8220;Emo\u00e7\u00f5es&#8221;. Logo depois, Roberto Carlos fez um forte discurso em defesa do isolamento social. Durante a apresenta\u00e7\u00e3o, os m\u00fasicos que o acompanhavam no est\u00fadio estavam usando m\u00e1scaras e separados por vidros.<\/p>\n<p>A live ainda contou com uma participa\u00e7\u00e3o especial, \u00e0 dist\u00e2ncia, da cantora Wanderl\u00e9a &#8211; que emocionou o Rei &#8211; e com a audi\u00eancia do m\u00fasico italiano Andrea Bocelli. &#8220;Quero mostrar que estamos mantendo as dist\u00e2ncias estabelecidas que temos que respeitar. Fiquem tranquilos que temos um acr\u00edlico na frente de cada um e todos de m\u00e1scara. Cantar de m\u00e1scara \u00e9 meio complicado&#8221;, brincou Roberto. Na sequ\u00eancia, o Rei valorizou o cumprimento \u00e0 dist\u00e2ncia sem toques com os p\u00e9s ou cotovelos.<\/p>\n<p><em>&#8220;Outros cuidados que eu acho important\u00edssimos. Esse neg\u00f3cio de cumprimentar com o bra\u00e7o ou com o p\u00e9, eu acho que n\u00e3o vale nada. N\u00e3o tem valor algum. Porque o cumprimento \u00e9 simplesmente a rever\u00eancia&#8221;, afirmou. Nada de encostar cotovelo, tornozelo, porque n\u00e3o acho que isso resolve a quest\u00e3o. Temos que ser radicais nessa quest\u00e3o do distanciamento social.<\/em><\/p>\n<p>&nbsp;<\/p>\n<p><strong>Fonte: UOL<\/strong><\/p>\n<p>&nbsp;<\/p>\n","protected":false},"excerpt":{"rendered":"<p>Roberto Carlos fez hoje sua live em homenagem ao dia das m\u00e3es &#8211; a segunda do cantor durante a quarentena pelo novo coronav\u00edrus -, e o &#8216;Rei&#8217; abriu sua apresenta\u00e7\u00e3o entoando &#8220;Lady Laura&#8221;, can\u00e7\u00e3o que homenageia sua m\u00e3e. A escolha rompeu uma esp\u00e9cie de &#8216;tradi\u00e7\u00e3o&#8217; de Roberto, que quase sempre abre seus shows com a &hellip;<\/p>\n","protected":false},"author":1,"featured_media":6254,"comment_status":"open","ping_status":"open","sticky":false,"template":"","format":"standard","meta":{"_jetpack_newsletter_access":"","_jetpack_dont_email_post_to_subs":false,"_jetpack_newsletter_tier_id":0,"_jetpack_memberships_contains_paywalled_content":false,"_jetpack_memberships_contains_paid_content":false,"footnotes":""},"categories":[1],"tags":[],"class_list":["post-6253","post","type-post","status-publish","format-standard","has-post-thumbnail","hentry","category-destaque"],"jetpack_sharing_enabled":true,"jetpack_featured_media_url":"","_links":{"self":[{"href":"https:\/\/www.oparanews.com.br\/index.php\/wp-json\/wp\/v2\/posts\/6253","targetHints":{"allow":["GET"]}}],"collection":[{"href":"https:\/\/www.oparanews.com.br\/index.php\/wp-json\/wp\/v2\/posts"}],"about":[{"href":"https:\/\/www.oparanews.com.br\/index.php\/wp-json\/wp\/v2\/types\/post"}],"author":[{"embeddable":true,"href":"https:\/\/www.oparanews.com.br\/index.php\/wp-json\/wp\/v2\/users\/1"}],"replies":[{"embeddable":true,"href":"https:\/\/www.oparanews.com.br\/index.php\/wp-json\/wp\/v2\/comments?post=6253"}],"version-history":[{"count":0,"href":"https:\/\/www.oparanews.com.br\/index.php\/wp-json\/wp\/v2\/posts\/6253\/revisions"}],"wp:attachment":[{"href":"https:\/\/www.oparanews.com.br\/index.php\/wp-json\/wp\/v2\/media?parent=6253"}],"wp:term":[{"taxonomy":"category","embeddable":true,"href":"https:\/\/www.oparanews.com.br\/index.php\/wp-json\/wp\/v2\/categories?post=6253"},{"taxonomy":"post_tag","embeddable":true,"href":"https:\/\/www.oparanews.com.br\/index.php\/wp-json\/wp\/v2\/tags?post=6253"}],"curies":[{"name":"wp","href":"https:\/\/api.w.org\/{rel}","templated":true}]}}