{"id":6259,"date":"2020-05-11T01:38:01","date_gmt":"2020-05-11T01:38:01","guid":{"rendered":"https:\/\/oparanews.com.br\/?p=6259"},"modified":"2020-05-11T01:38:01","modified_gmt":"2020-05-11T01:38:01","slug":"turquia-anuncia-retorno-do-futebol-para-o-dia-12-de-junho","status":"publish","type":"post","link":"https:\/\/www.oparanews.com.br\/index.php\/2020\/05\/11\/turquia-anuncia-retorno-do-futebol-para-o-dia-12-de-junho\/","title":{"rendered":"Turquia anuncia retorno do futebol para o dia 12 de junho"},"content":{"rendered":"<p>A Turquia planeja sediar a final da Liga dos Campe\u00f5es no final de agosto, disse o chefe da federa\u00e7\u00e3o de futebol local nesta quarta-feira, e retomar\u00e1 as ligas dom\u00e9sticas no dia 12 de junho, sem torcida, ap\u00f3s suspens\u00e3o de tr\u00eas meses causada pelo surto de Covid-19.<\/p>\n<p>A Uefa, entidade que controla o futebol europeu, adiou h\u00e1 dois meses indefinidamente a decis\u00e3o da Liga dos Campe\u00f5es, que estava programada para ocorrer em Istambul em 30 de maio.<\/p>\n<p>O presidente da Federa\u00e7\u00e3o Turca de Futebol (TFF), Nihat Ozdemir, afirmou que a final do torneio de clubes de elite da Europa est\u00e1 sendo planejada para o final de agosto, mas que detalhes sobre o formato e o cronograma ser\u00e3o finalizados ap\u00f3s conversas com autoridades de sa\u00fade e a Uefa.<\/p>\n<p>&#8220;Se Deus quiser, concluiremos nossas pr\u00f3prias ligas no final de julho. Vamos encerrar nossas copas em campo e depois encerraremos a temporada com a final da Liga dos Campe\u00f5es em agosto&#8221;, disse Ozdemir em entrevista coletiva.<\/p>\n<p>Ele declarou que as ligas de futebol turcas, incluindo a principal Super Lig, ser\u00e3o retomadas a partir de 12 de junho sem torcedores e terminar\u00e3o em 26 de julho. A programa\u00e7\u00e3o da Super Lig envolver\u00e1 7 jogos nos finais de semana e 1 partida nos dias \u00fateis, segundo ele.<\/p>\n<p>Ozdemir acrescentou que as equipes jogar\u00e3o partidas em suas pr\u00f3prias cidades e est\u00e1dios, apesar das preocupa\u00e7\u00f5es de que isso possa arriscar uma nova onda de casos de coronav\u00edrus em algumas \u00e1reas.<\/p>\n<p>Istambul, o epicentro do surto na Turquia, abriga os tr\u00eas maiores clubes turcos e o Basaksehir.<\/p>\n<p>No in\u00edcio desta semana, os principais clubes de futebol da Turquia retomaram sess\u00f5es limitadas de treinamento, de acordo com medidas estabelecidas pela TFF na semana passada. Fenerbahce, Besiktas e o atual campe\u00e3o Galatasaray realizaram treinos em pequenos grupos.<\/p>\n<p>O Trabzonspor, l\u00edder da liga quando as partidas foram suspensas, tamb\u00e9m voltou aos gramados nesta semana. As a\u00e7\u00f5es dos quatro clubes subiram ap\u00f3s decis\u00e3o de retomar a liga.<\/p>\n<p>Quase dois meses depois de relatar seu primeiro caso, a Turquia disse que o surto atingiu um plat\u00f4. Na segunda-feira, come\u00e7ou a flexibilizar algumas medidas para retomar a economia, j\u00e1 que o n\u00famero di\u00e1rio de mortes e novos casos continuava em trajet\u00f3ria descendente. A Turquia registrou 3.520 mortes por coronav\u00edrus e possui quase 130.000 casos confirmados.<\/p>\n<p>&nbsp;<\/p>\n<p><strong>Fonte: Ag\u00eancia Brasil<\/strong><\/p>\n<p>&nbsp;<\/p>\n","protected":false},"excerpt":{"rendered":"<p>A Turquia planeja sediar a final da Liga dos Campe\u00f5es no final de agosto, disse o chefe da federa\u00e7\u00e3o de futebol local nesta quarta-feira, e retomar\u00e1 as ligas dom\u00e9sticas no dia 12 de junho, sem torcida, ap\u00f3s suspens\u00e3o de tr\u00eas meses causada pelo surto de Covid-19. A Uefa, entidade que controla o futebol europeu, adiou &hellip;<\/p>\n","protected":false},"author":1,"featured_media":6260,"comment_status":"open","ping_status":"open","sticky":false,"template":"","format":"standard","meta":{"_jetpack_newsletter_access":"","_jetpack_dont_email_post_to_subs":false,"_jetpack_newsletter_tier_id":0,"_jetpack_memberships_contains_paywalled_content":false,"_jetpack_memberships_contains_paid_content":false,"footnotes":""},"categories":[1],"tags":[],"class_list":["post-6259","post","type-post","status-publish","format-standard","has-post-thumbnail","hentry","category-destaque"],"jetpack_sharing_enabled":true,"jetpack_featured_media_url":"","_links":{"self":[{"href":"https:\/\/www.oparanews.com.br\/index.php\/wp-json\/wp\/v2\/posts\/6259","targetHints":{"allow":["GET"]}}],"collection":[{"href":"https:\/\/www.oparanews.com.br\/index.php\/wp-json\/wp\/v2\/posts"}],"about":[{"href":"https:\/\/www.oparanews.com.br\/index.php\/wp-json\/wp\/v2\/types\/post"}],"author":[{"embeddable":true,"href":"https:\/\/www.oparanews.com.br\/index.php\/wp-json\/wp\/v2\/users\/1"}],"replies":[{"embeddable":true,"href":"https:\/\/www.oparanews.com.br\/index.php\/wp-json\/wp\/v2\/comments?post=6259"}],"version-history":[{"count":0,"href":"https:\/\/www.oparanews.com.br\/index.php\/wp-json\/wp\/v2\/posts\/6259\/revisions"}],"wp:attachment":[{"href":"https:\/\/www.oparanews.com.br\/index.php\/wp-json\/wp\/v2\/media?parent=6259"}],"wp:term":[{"taxonomy":"category","embeddable":true,"href":"https:\/\/www.oparanews.com.br\/index.php\/wp-json\/wp\/v2\/categories?post=6259"},{"taxonomy":"post_tag","embeddable":true,"href":"https:\/\/www.oparanews.com.br\/index.php\/wp-json\/wp\/v2\/tags?post=6259"}],"curies":[{"name":"wp","href":"https:\/\/api.w.org\/{rel}","templated":true}]}}