{"id":6262,"date":"2020-05-11T17:35:46","date_gmt":"2020-05-11T17:35:46","guid":{"rendered":"https:\/\/oparanews.com.br\/?p=6262"},"modified":"2020-05-11T17:35:46","modified_gmt":"2020-05-11T17:35:46","slug":"semed-penedo-distribui-livros-de-reforco-para-estudantes-do-2o-ao-9o-ano","status":"publish","type":"post","link":"https:\/\/www.oparanews.com.br\/index.php\/2020\/05\/11\/semed-penedo-distribui-livros-de-reforco-para-estudantes-do-2o-ao-9o-ano\/","title":{"rendered":"Semed Penedo distribui livros de refor\u00e7o para estudantes do 2\u00ba ao 9\u00ba ano"},"content":{"rendered":"<p>Estudante do 2\u00ba ao 9\u00ba ano do Ensino Fundamental matriculado em escola da Secretaria Municipal de Educa\u00e7\u00e3o (Semed) da Prefeitura de Penedo vai receber tarefa para fazer em casa. A partir de amanh\u00e3 (ter\u00e7a-feira, 12), livros de refor\u00e7o de Matem\u00e1tica e L\u00edngua Portuguesa come\u00e7am a ser distribu\u00eddos.<\/p>\n<p>A iniciativa visa minimizar os impactos causados pela suspens\u00e3o do ano letivo, uma das consequ\u00eancias da pandemia do novo coronav\u00edrus (Covid-19). Com os livros em casa, alunos e alunas da rede p\u00fablica municipal ganham uma nova carga de material pedag\u00f3gico para sua rotina de estudos, em casa, durante o per\u00edodo de isolamento social.<\/p>\n<p>\u201cO desenvolvimento da atividade pedag\u00f3gica ser\u00e1 monitorado por professores e equipe pedag\u00f3gica de cada escola, observando a data de retirada dos livros e a devolu\u00e7\u00e3o, com as tarefas respondidas\u201d, informa C\u00edntya Alves, Secret\u00e1ria Municipal de Educa\u00e7\u00e3o.<\/p>\n<p>Os pais ou respons\u00e1veis pelo estudante devem pegar os livros de refor\u00e7o, conforme cronograma abaixo. Quem n\u00e3o puder se deslocar at\u00e9 a unidade de ensino por ser parte do grupo de risco para Covid-19, pode pedir a outra pessoa para pegar, identificando o ano e o nome completo do estudante, devendo usar m\u00e1scara para ter acesso \u00e0 escola.<\/p>\n<p>\u201cEsta \u00e9 mais uma a\u00e7\u00e3o que desenvolvemos, buscando estreitar o la\u00e7o dos alunos com a escola e tamb\u00e9m diminuir o preju\u00edzo causado ao processo de aprendizagem, por causa dessa pandemia. Eu agrade\u00e7o o empenho de todos que comp\u00f5em a Semed Penedo, em especial, os pais e respons\u00e1veis pela confian\u00e7a e compreens\u00e3o\u201d, acrescenta C\u00edntya Alves.<\/p>\n<p>A Semed Penedo informa ainda que as turmas da Educa\u00e7\u00e3o Infantil, do 1\u00ba ano do Ensino Fundamental e da Educa\u00e7\u00e3o para Jovens e Adultos (EJA) continuam recebendo as respectivas atividades impressas na escola e ainda por e-mail ou whatsapp, caso o pai ou respons\u00e1vel queira, evitando assim o deslocamento at\u00e9 a unidade de ensino.<\/p>\n<p>A fam\u00edlia do estudante cujo material n\u00e3o for retirado da escola ou, depois de recebido, n\u00e3o devolver os livros com as atividades realizadas, ser\u00e1 visitada por uma assistente social da Semed Penedo para identifica\u00e7\u00e3o e busca de solu\u00e7\u00e3o para a situa\u00e7\u00e3o verificada.<\/p>\n<p>Quando ocorrer o retorno das aulas presenciais, ainda sem previs\u00e3o por conta da pandemia do coronav\u00edrus, a gest\u00e3o realizar\u00e1 o diagn\u00f3stico de avalia\u00e7\u00e3o das habilidades desenvolvidas e as dificuldades apresentadas, subs\u00eddios para o planejamento de atividades futuras.<\/p>\n<p>Os livros de refor\u00e7o estar\u00e3o dispon\u00edveis nas escolas nas seguintes datas<\/p>\n<p><strong>Ter\u00e7a-feira, 12<\/strong> \u2013 Escolas Irm\u00e3 Jolenta, Manoel Soares de Melo, Santa Luzia, Bar\u00e3o de Penedo e Costa Mangabeira<br \/>\n<strong>Quarta-feira, 13<\/strong> \u2013 Escolas Hanna Bertholet, Santa C\u00e2ndida, S\u00e3o Jo\u00e3o Batista, Santo Ant\u00f4nio e Izabel Cristina<br \/>\n<strong>Quinta-feira, 14<\/strong> \u2013 Escolas Josef Bergmann, Douglas Apratto Ten\u00f3rio, Dom Constantino L\u00fcers, Helena de Oliveira Carvalho, Rotary, C\u00e2ndido Toledo, Manoel Tavares e Arlindo Ferreira de Moraes (material dispon\u00edvel na cada da Mirna)<br \/>\n<strong>Sexta-feira, 15<\/strong> \u2013 Escolas Jo\u00e3o XXIII, Paulo VI, Maria da Gl\u00f3ria Pimenteira, Ir\u00eanio Ara\u00fajo e Teot\u00f4nio Ribeiro<\/p>\n<p>&nbsp;<\/p>\n<p><strong>por Fernando Vin\u00edcius com assessoria Semed Penedo<\/strong><\/p>\n<p>&nbsp;<\/p>\n","protected":false},"excerpt":{"rendered":"<p>Estudante do 2\u00ba ao 9\u00ba ano do Ensino Fundamental matriculado em escola da Secretaria Municipal de Educa\u00e7\u00e3o (Semed) da Prefeitura de Penedo vai receber tarefa para fazer em casa. A partir de amanh\u00e3 (ter\u00e7a-feira, 12), livros de refor\u00e7o de Matem\u00e1tica e L\u00edngua Portuguesa come\u00e7am a ser distribu\u00eddos. A iniciativa visa minimizar os impactos causados pela &hellip;<\/p>\n","protected":false},"author":1,"featured_media":6263,"comment_status":"open","ping_status":"open","sticky":false,"template":"","format":"standard","meta":{"_jetpack_newsletter_access":"","_jetpack_dont_email_post_to_subs":false,"_jetpack_newsletter_tier_id":0,"_jetpack_memberships_contains_paywalled_content":false,"_jetpack_memberships_contains_paid_content":false,"footnotes":""},"categories":[1],"tags":[],"class_list":["post-6262","post","type-post","status-publish","format-standard","has-post-thumbnail","hentry","category-destaque"],"jetpack_sharing_enabled":true,"jetpack_featured_media_url":"","_links":{"self":[{"href":"https:\/\/www.oparanews.com.br\/index.php\/wp-json\/wp\/v2\/posts\/6262","targetHints":{"allow":["GET"]}}],"collection":[{"href":"https:\/\/www.oparanews.com.br\/index.php\/wp-json\/wp\/v2\/posts"}],"about":[{"href":"https:\/\/www.oparanews.com.br\/index.php\/wp-json\/wp\/v2\/types\/post"}],"author":[{"embeddable":true,"href":"https:\/\/www.oparanews.com.br\/index.php\/wp-json\/wp\/v2\/users\/1"}],"replies":[{"embeddable":true,"href":"https:\/\/www.oparanews.com.br\/index.php\/wp-json\/wp\/v2\/comments?post=6262"}],"version-history":[{"count":0,"href":"https:\/\/www.oparanews.com.br\/index.php\/wp-json\/wp\/v2\/posts\/6262\/revisions"}],"wp:attachment":[{"href":"https:\/\/www.oparanews.com.br\/index.php\/wp-json\/wp\/v2\/media?parent=6262"}],"wp:term":[{"taxonomy":"category","embeddable":true,"href":"https:\/\/www.oparanews.com.br\/index.php\/wp-json\/wp\/v2\/categories?post=6262"},{"taxonomy":"post_tag","embeddable":true,"href":"https:\/\/www.oparanews.com.br\/index.php\/wp-json\/wp\/v2\/tags?post=6262"}],"curies":[{"name":"wp","href":"https:\/\/api.w.org\/{rel}","templated":true}]}}