{"id":6271,"date":"2020-05-11T18:21:48","date_gmt":"2020-05-11T18:21:48","guid":{"rendered":"https:\/\/oparanews.com.br\/?p=6271"},"modified":"2020-05-11T18:21:48","modified_gmt":"2020-05-11T18:21:48","slug":"espn-confirma-vai-compartilhar-campeonato-alemao-com-fox","status":"publish","type":"post","link":"https:\/\/www.oparanews.com.br\/index.php\/2020\/05\/11\/espn-confirma-vai-compartilhar-campeonato-alemao-com-fox\/","title":{"rendered":"ESPN e Fox Sports ir\u00e3o transmitir Campeonato Alem\u00e3o"},"content":{"rendered":"<p>A ESPN confirmou na manh\u00e3 desta segunda-feira (11) a transmiss\u00e3o compartilhada do Campeonato Alem\u00e3o, a partir do pr\u00f3ximo fim de semana, com o Fox Sports. Ser\u00e1 o primeiro campeonato exibido pelas duas emissoras, que se tornaram &#8220;irm\u00e3s&#8221; com a aprova\u00e7\u00e3o da fus\u00e3o entre ambas no Brasil, na semana passada. O jogo inicial que ser\u00e1 exibido pela ESPN ser\u00e1 a partida entre RB Leipzig x Freiburg, na ESPN Brasil, a partir das 10h do pr\u00f3ximo s\u00e1bado (16). Narrador e comentarista da transmiss\u00e3o ainda n\u00e3o est\u00e3o definidos. O jogo come\u00e7a \u00e0s 10h30 (hor\u00e1rio de Bras\u00edlia), com meia hora de pr\u00e9-transmiss\u00e3o feita pela equipe do canal esportivo.<\/p>\n<p>Outros dois jogos da rodada de retorno da Bundesliga ser\u00e3o mostrados tamb\u00e9m pela ESPN Brasil. No domingo (17), Col\u00f4nia x Mainz, \u00e0s 10h30, ser\u00e1 exibido. J\u00e1 na segunda (18), a partir das 15h30, o jogo da vez ser\u00e1 Werder Bremen x Bayer Leverkusen. Enquanto isso, o Fox Sports tamb\u00e9m tem dois jogos confirmados para exibi\u00e7\u00e3o em seu canal principal. Borussia Dortmund x Schalke 04, tamb\u00e9m no s\u00e1bado (16), a partir das 10h30, e Bayern de Munique x Union Berlin, que ir\u00e1 acontecer no domingo (17), \u00e0s 13h.<\/p>\n<p>A escala confirmada de Bayern e Dortmund, os dois times mais populares do Campeonato Alem\u00e3o, n\u00e3o quer dizer que Fox Sports ter\u00e1 prefer\u00eancias na hora de escolher suas partidas. Tratando os canais com igualdade, a Disney vai analisar caso a caso e definir a melhor estrat\u00e9gia para ESPN e Fox para aquele momento espec\u00edfico. O Campeonato Alem\u00e3o ser\u00e1 o primeiro a ser compartilhado entre as emissoras, retomando suas atividades ap\u00f3s a incid\u00eancia da pandemia da Covid-19. Outros campeonatos, como o Campeonato Ingl\u00eas e o Campeonato Espanhol, devem ser exibidos por ESPN e Fox Sports quando estes retornarem. O mesmo vale para a Copa Libertadores da Am\u00e9rica.<\/p>\n<p><strong>Fonte: UOL<\/strong><\/p>\n<p>&nbsp;<\/p>\n","protected":false},"excerpt":{"rendered":"<p>A ESPN confirmou na manh\u00e3 desta segunda-feira (11) a transmiss\u00e3o compartilhada do Campeonato Alem\u00e3o, a partir do pr\u00f3ximo fim de semana, com o Fox Sports. Ser\u00e1 o primeiro campeonato exibido pelas duas emissoras, que se tornaram &#8220;irm\u00e3s&#8221; com a aprova\u00e7\u00e3o da fus\u00e3o entre ambas no Brasil, na semana passada. O jogo inicial que ser\u00e1 exibido &hellip;<\/p>\n","protected":false},"author":1,"featured_media":6272,"comment_status":"open","ping_status":"open","sticky":false,"template":"","format":"standard","meta":{"_jetpack_newsletter_access":"","_jetpack_dont_email_post_to_subs":false,"_jetpack_newsletter_tier_id":0,"_jetpack_memberships_contains_paywalled_content":false,"_jetpack_memberships_contains_paid_content":false,"footnotes":""},"categories":[1],"tags":[],"class_list":["post-6271","post","type-post","status-publish","format-standard","has-post-thumbnail","hentry","category-destaque"],"jetpack_sharing_enabled":true,"jetpack_featured_media_url":"","_links":{"self":[{"href":"https:\/\/www.oparanews.com.br\/index.php\/wp-json\/wp\/v2\/posts\/6271","targetHints":{"allow":["GET"]}}],"collection":[{"href":"https:\/\/www.oparanews.com.br\/index.php\/wp-json\/wp\/v2\/posts"}],"about":[{"href":"https:\/\/www.oparanews.com.br\/index.php\/wp-json\/wp\/v2\/types\/post"}],"author":[{"embeddable":true,"href":"https:\/\/www.oparanews.com.br\/index.php\/wp-json\/wp\/v2\/users\/1"}],"replies":[{"embeddable":true,"href":"https:\/\/www.oparanews.com.br\/index.php\/wp-json\/wp\/v2\/comments?post=6271"}],"version-history":[{"count":0,"href":"https:\/\/www.oparanews.com.br\/index.php\/wp-json\/wp\/v2\/posts\/6271\/revisions"}],"wp:attachment":[{"href":"https:\/\/www.oparanews.com.br\/index.php\/wp-json\/wp\/v2\/media?parent=6271"}],"wp:term":[{"taxonomy":"category","embeddable":true,"href":"https:\/\/www.oparanews.com.br\/index.php\/wp-json\/wp\/v2\/categories?post=6271"},{"taxonomy":"post_tag","embeddable":true,"href":"https:\/\/www.oparanews.com.br\/index.php\/wp-json\/wp\/v2\/tags?post=6271"}],"curies":[{"name":"wp","href":"https:\/\/api.w.org\/{rel}","templated":true}]}}