{"id":6280,"date":"2020-05-12T00:23:44","date_gmt":"2020-05-12T00:23:44","guid":{"rendered":"https:\/\/oparanews.com.br\/?p=6280"},"modified":"2020-05-12T00:23:44","modified_gmt":"2020-05-12T00:23:44","slug":"bolsonaro-define-academias-e-saloes-de-beleza-como-servicos-essenciais","status":"publish","type":"post","link":"https:\/\/www.oparanews.com.br\/index.php\/2020\/05\/12\/bolsonaro-define-academias-e-saloes-de-beleza-como-servicos-essenciais\/","title":{"rendered":"Bolsonaro define academias e sal\u00f5es de beleza como servi\u00e7os essenciais"},"content":{"rendered":"<p>O presidente Jair Bolsonaro informou nesta segunda-feira que editou um novo decreto incluindo academias, sal\u00f5es de beleza, cabeleireiros e barbearias entre as atividades essenciais durante a pandemia de coronav\u00edrus, o que permite o funcionamento desses empreendimentos mesmo nos locais que decretaram medidas r\u00edgidas de isolamento social.<\/p>\n<p>Este \u00e9 o terceiro decreto que Bolsonaro edita para ampliar as chamadas atividades essenciais. Depois do texto original, que incluiu servi\u00e7os como supermercados, farm\u00e1cias e servi\u00e7os de sa\u00fade, produ\u00e7\u00e3o e transmiss\u00e3o de energia e combust\u00edvel, entre outros, Bolsonaro editou no final de mar\u00e7o um decreto colocando igrejas e lot\u00e9ricas como atividades essenciais.<\/p>\n<p>Na semana passada, durante encontro com empres\u00e1rios, o presidente assinou um terceiro texto, liberando tamb\u00e9m como essenciais a produ\u00e7\u00e3o industrial e a constru\u00e7\u00e3o civil e avisou que outros viriam.<\/p>\n<p>Segundo o presidente, as academias e os sal\u00f5es de beleza s\u00e3o quest\u00f5es de sa\u00fade e de higiene. Bolsonaro afirmou ainda que outras \u00e1reas devem entrar no rol de servi\u00e7os essenciais nas pr\u00f3ximas semanas.<\/p>\n<p>\u201cA quest\u00e3o da vida tem de ser tratada paralelamente com os empregos. Sem economia n\u00e3o tem vida, n\u00e3o tem m\u00e9dico, n\u00e3o tem material para hospital\u201d, disse Bolsonaro em entrevista no Pal\u00e1cio da Alvorada.<\/p>\n<p>Bolsonaro tem usado os decretos de atividades essenciais para driblar a decis\u00e3o do Supremo Tribunal Federal (STF) que determinou que cabe aos estados e munic\u00edpios determinar o fechamento do com\u00e9rcio, servi\u00e7os e empresas em raz\u00e3o da epidemia de coronav\u00edrus. O presidente reclamou mais de uma vez de estar impedido de agir em rela\u00e7\u00e3o ao tema.<\/p>\n<p>Ao ser perguntado se estava usando os decretos para burlar as decis\u00f5es dos governadores, disse que n\u00e3o. \u201cEu n\u00e3o burlo nada, sa\u00fade \u00e9 vida. A decis\u00e3o de fechar o com\u00e9rcio pertence ao respectivo governador ou prefeito. A minha responsabilidade n\u00f3s temos feito\u201d, afirmou.<\/p>\n<p>Minist\u00e9rio da Sa\u00fade n\u00e3o foi informado<\/p>\n<p>O ministro da Sa\u00fade, Nelson Teich, disse que sua \u00e1rea n\u00e3o foi consultada sobre a decis\u00e3o de Bolsonaro, mas disse que a pasta pode contribuir com a elabora\u00e7\u00e3o de maneiras de se proteger as pessoas.<\/p>\n<p>Teich se mostrou surpreso, em entrevista coletiva no Pal\u00e1cio do Planalto, ao ser questionado sobre a decis\u00e3o do presidente de incluir as novas atividades como essenciais, mas afirmou que \u201cqualquer coisa decidida pode ser revista.\u201d<\/p>\n<p>\u201cHoje existe um di\u00e1logo que permite que a gente se posicione se for necess\u00e1rio\u201d, afirmou.<\/p>\n<p>O ministro acrescentou que a retomada de atividades pode acontecer caso seja criado um fluxo que impe\u00e7a a contamina\u00e7\u00e3o das pessoas.<\/p>\n<p><strong>Fonte: Exame<\/strong><\/p>\n<p>&nbsp;<\/p>\n","protected":false},"excerpt":{"rendered":"<p>O presidente Jair Bolsonaro informou nesta segunda-feira que editou um novo decreto incluindo academias, sal\u00f5es de beleza, cabeleireiros e barbearias entre as atividades essenciais durante a pandemia de coronav\u00edrus, o que permite o funcionamento desses empreendimentos mesmo nos locais que decretaram medidas r\u00edgidas de isolamento social. Este \u00e9 o terceiro decreto que Bolsonaro edita para &hellip;<\/p>\n","protected":false},"author":1,"featured_media":6281,"comment_status":"open","ping_status":"open","sticky":false,"template":"","format":"standard","meta":{"_jetpack_newsletter_access":"","_jetpack_dont_email_post_to_subs":false,"_jetpack_newsletter_tier_id":0,"_jetpack_memberships_contains_paywalled_content":false,"_jetpack_memberships_contains_paid_content":false,"footnotes":""},"categories":[1],"tags":[],"class_list":["post-6280","post","type-post","status-publish","format-standard","has-post-thumbnail","hentry","category-destaque"],"jetpack_sharing_enabled":true,"jetpack_featured_media_url":"","_links":{"self":[{"href":"https:\/\/www.oparanews.com.br\/index.php\/wp-json\/wp\/v2\/posts\/6280","targetHints":{"allow":["GET"]}}],"collection":[{"href":"https:\/\/www.oparanews.com.br\/index.php\/wp-json\/wp\/v2\/posts"}],"about":[{"href":"https:\/\/www.oparanews.com.br\/index.php\/wp-json\/wp\/v2\/types\/post"}],"author":[{"embeddable":true,"href":"https:\/\/www.oparanews.com.br\/index.php\/wp-json\/wp\/v2\/users\/1"}],"replies":[{"embeddable":true,"href":"https:\/\/www.oparanews.com.br\/index.php\/wp-json\/wp\/v2\/comments?post=6280"}],"version-history":[{"count":0,"href":"https:\/\/www.oparanews.com.br\/index.php\/wp-json\/wp\/v2\/posts\/6280\/revisions"}],"wp:attachment":[{"href":"https:\/\/www.oparanews.com.br\/index.php\/wp-json\/wp\/v2\/media?parent=6280"}],"wp:term":[{"taxonomy":"category","embeddable":true,"href":"https:\/\/www.oparanews.com.br\/index.php\/wp-json\/wp\/v2\/categories?post=6280"},{"taxonomy":"post_tag","embeddable":true,"href":"https:\/\/www.oparanews.com.br\/index.php\/wp-json\/wp\/v2\/tags?post=6280"}],"curies":[{"name":"wp","href":"https:\/\/api.w.org\/{rel}","templated":true}]}}