{"id":6283,"date":"2020-05-12T00:43:48","date_gmt":"2020-05-12T00:43:48","guid":{"rendered":"https:\/\/oparanews.com.br\/?p=6283"},"modified":"2020-05-12T00:43:48","modified_gmt":"2020-05-12T00:43:48","slug":"mec-anuncia-datas-de-inscricao-do-sisu-prouni-e-fies","status":"publish","type":"post","link":"https:\/\/www.oparanews.com.br\/index.php\/2020\/05\/12\/mec-anuncia-datas-de-inscricao-do-sisu-prouni-e-fies\/","title":{"rendered":"MEC anuncia datas de inscri\u00e7\u00e3o do Sisu, ProUni e Fies"},"content":{"rendered":"<p>O ministro da Educa\u00e7\u00e3o, Abraham Weintraub, anunciou hoje (11) no Twitter as datas de inscri\u00e7\u00e3o nos processos seletivos do segundo semestre de 2020 que utilizam o Exame Nacional do Ensino M\u00e9dio (Enem) como forma de ingresso no ensino superior.<\/p>\n<p>As inscri\u00e7\u00f5es para o Sistema de Sele\u00e7\u00e3o Unificada (Sisu) poder\u00e3o ser feitas entre 16 e 19 de junho. O Sisu seleciona estudantes para vagas em institui\u00e7\u00f5es p\u00fablicas de ensino superior em todo o pa\u00eds.<\/p>\n<p>J\u00e1 as inscri\u00e7\u00f5es para o Programa Universidade para Todos (ProUni) ser\u00e3o de 23 a 26 de junho. O programa seleciona estudantes para bolsas em institui\u00e7\u00f5es privadas de ensino superior. As bolsas variam de acordo com a renda dos candidatos e podem ser parciais, de 50% da mensalidade, ou integrais, de 100%.<\/p>\n<p>Para o Fundo de Financiamento Estudantil (Fies), as inscri\u00e7\u00f5es ser\u00e3o de 30 de junho a 3 de julho. O Fies oferece financiamento a condi\u00e7\u00f5es mais favor\u00e1veis que as de mercado para que estudantes paguem cursos em institui\u00e7\u00f5es privadas de ensino superior.<\/p>\n<p>Em todos esses processos seletivos, o candidato pode usar a nota do Enem 2019. Ao todo, cerca de 3,9 milh\u00f5es de estudantes fizeram o exame no ano passado.<\/p>\n<p>&nbsp;<\/p>\n<p><strong>Fonte: Ag\u00eancia Brasil<\/strong><\/p>\n<p>&nbsp;<\/p>\n","protected":false},"excerpt":{"rendered":"<p>O ministro da Educa\u00e7\u00e3o, Abraham Weintraub, anunciou hoje (11) no Twitter as datas de inscri\u00e7\u00e3o nos processos seletivos do segundo semestre de 2020 que utilizam o Exame Nacional do Ensino M\u00e9dio (Enem) como forma de ingresso no ensino superior. As inscri\u00e7\u00f5es para o Sistema de Sele\u00e7\u00e3o Unificada (Sisu) poder\u00e3o ser feitas entre 16 e 19 &hellip;<\/p>\n","protected":false},"author":1,"featured_media":6284,"comment_status":"open","ping_status":"open","sticky":false,"template":"","format":"standard","meta":{"_jetpack_newsletter_access":"","_jetpack_dont_email_post_to_subs":false,"_jetpack_newsletter_tier_id":0,"_jetpack_memberships_contains_paywalled_content":false,"_jetpack_memberships_contains_paid_content":false,"footnotes":""},"categories":[1],"tags":[],"class_list":["post-6283","post","type-post","status-publish","format-standard","has-post-thumbnail","hentry","category-destaque"],"jetpack_sharing_enabled":true,"jetpack_featured_media_url":"","_links":{"self":[{"href":"https:\/\/www.oparanews.com.br\/index.php\/wp-json\/wp\/v2\/posts\/6283","targetHints":{"allow":["GET"]}}],"collection":[{"href":"https:\/\/www.oparanews.com.br\/index.php\/wp-json\/wp\/v2\/posts"}],"about":[{"href":"https:\/\/www.oparanews.com.br\/index.php\/wp-json\/wp\/v2\/types\/post"}],"author":[{"embeddable":true,"href":"https:\/\/www.oparanews.com.br\/index.php\/wp-json\/wp\/v2\/users\/1"}],"replies":[{"embeddable":true,"href":"https:\/\/www.oparanews.com.br\/index.php\/wp-json\/wp\/v2\/comments?post=6283"}],"version-history":[{"count":0,"href":"https:\/\/www.oparanews.com.br\/index.php\/wp-json\/wp\/v2\/posts\/6283\/revisions"}],"wp:attachment":[{"href":"https:\/\/www.oparanews.com.br\/index.php\/wp-json\/wp\/v2\/media?parent=6283"}],"wp:term":[{"taxonomy":"category","embeddable":true,"href":"https:\/\/www.oparanews.com.br\/index.php\/wp-json\/wp\/v2\/categories?post=6283"},{"taxonomy":"post_tag","embeddable":true,"href":"https:\/\/www.oparanews.com.br\/index.php\/wp-json\/wp\/v2\/tags?post=6283"}],"curies":[{"name":"wp","href":"https:\/\/api.w.org\/{rel}","templated":true}]}}