{"id":6286,"date":"2020-05-12T01:43:49","date_gmt":"2020-05-12T01:43:49","guid":{"rendered":"https:\/\/oparanews.com.br\/?p=6286"},"modified":"2020-05-12T01:43:49","modified_gmt":"2020-05-12T01:43:49","slug":"prefeito-de-penedo-decreta-luto-de-tres-dias-pela-morte-de-idoso-por-covid-19","status":"publish","type":"post","link":"https:\/\/www.oparanews.com.br\/index.php\/2020\/05\/12\/prefeito-de-penedo-decreta-luto-de-tres-dias-pela-morte-de-idoso-por-covid-19\/","title":{"rendered":"Prefeito de Penedo decreta luto de tr\u00eas dias pela morte de idoso por Covid-19"},"content":{"rendered":"<p>O PREFEITO DO MUNIC\u00cdPIO DE PENEDO, no uso das atribui\u00e7\u00f5es legais conferidas pela Lei Org\u00e2nica do Munic\u00edpio, D E C R E T A:<\/p>\n<p>Art. 1\u00ba &#8211; Fica decretado luto, a perdurar por tr\u00eas dias, no \u00e2mbito de todo o Munic\u00edpio de Penedo, em raz\u00e3o do falecimento da primeira pessoa residente nesta cidade, decorrente da infec\u00e7\u00e3o pelo novo Coronav\u00edrus (COVID-19).<\/p>\n<p>Art. 2\u00ba &#8211; Aos familiares e amigos da pessoa falecida ficam prestadas as condol\u00eancias e a solidariedade de toda a Administra\u00e7\u00e3o Municipal.<\/p>\n<p>Art. 3\u00ba &#8211; Este Decreto entra em vigor na data de sua publica\u00e7\u00e3o.<\/p>\n<p>PENEDO, Estado de Alagoas, aos onze dias do m\u00eas de maio de dois mil e vinte, 384\u00ba anos de eleva\u00e7\u00e3o \u00e0 categoria de Vila.<\/p>\n<p>MARCIUS BELTR\u00c3O SIQUEIRA Prefeito Municipal de Penedo-AL<\/p>\n<p>&nbsp;<\/p>\n<p><strong>por Reda\u00e7\u00e3o<\/strong><\/p>\n<p>&nbsp;<\/p>\n","protected":false},"excerpt":{"rendered":"<p>O PREFEITO DO MUNIC\u00cdPIO DE PENEDO, no uso das atribui\u00e7\u00f5es legais conferidas pela Lei Org\u00e2nica do Munic\u00edpio, D E C R E T A: Art. 1\u00ba &#8211; Fica decretado luto, a perdurar por tr\u00eas dias, no \u00e2mbito de todo o Munic\u00edpio de Penedo, em raz\u00e3o do falecimento da primeira pessoa residente nesta cidade, decorrente da &hellip;<\/p>\n","protected":false},"author":1,"featured_media":6287,"comment_status":"open","ping_status":"open","sticky":false,"template":"","format":"standard","meta":{"_jetpack_newsletter_access":"","_jetpack_dont_email_post_to_subs":false,"_jetpack_newsletter_tier_id":0,"_jetpack_memberships_contains_paywalled_content":false,"_jetpack_memberships_contains_paid_content":false,"footnotes":""},"categories":[1],"tags":[],"class_list":["post-6286","post","type-post","status-publish","format-standard","has-post-thumbnail","hentry","category-destaque"],"jetpack_sharing_enabled":true,"jetpack_featured_media_url":"","_links":{"self":[{"href":"https:\/\/www.oparanews.com.br\/index.php\/wp-json\/wp\/v2\/posts\/6286","targetHints":{"allow":["GET"]}}],"collection":[{"href":"https:\/\/www.oparanews.com.br\/index.php\/wp-json\/wp\/v2\/posts"}],"about":[{"href":"https:\/\/www.oparanews.com.br\/index.php\/wp-json\/wp\/v2\/types\/post"}],"author":[{"embeddable":true,"href":"https:\/\/www.oparanews.com.br\/index.php\/wp-json\/wp\/v2\/users\/1"}],"replies":[{"embeddable":true,"href":"https:\/\/www.oparanews.com.br\/index.php\/wp-json\/wp\/v2\/comments?post=6286"}],"version-history":[{"count":0,"href":"https:\/\/www.oparanews.com.br\/index.php\/wp-json\/wp\/v2\/posts\/6286\/revisions"}],"wp:attachment":[{"href":"https:\/\/www.oparanews.com.br\/index.php\/wp-json\/wp\/v2\/media?parent=6286"}],"wp:term":[{"taxonomy":"category","embeddable":true,"href":"https:\/\/www.oparanews.com.br\/index.php\/wp-json\/wp\/v2\/categories?post=6286"},{"taxonomy":"post_tag","embeddable":true,"href":"https:\/\/www.oparanews.com.br\/index.php\/wp-json\/wp\/v2\/tags?post=6286"}],"curies":[{"name":"wp","href":"https:\/\/api.w.org\/{rel}","templated":true}]}}