{"id":6298,"date":"2020-05-12T20:21:26","date_gmt":"2020-05-12T20:21:26","guid":{"rendered":"https:\/\/oparanews.com.br\/?p=6298"},"modified":"2020-05-12T20:21:26","modified_gmt":"2020-05-12T20:21:26","slug":"semed-penedo-suspende-atendimento-ao-publico-temporariamente","status":"publish","type":"post","link":"https:\/\/www.oparanews.com.br\/index.php\/2020\/05\/12\/semed-penedo-suspende-atendimento-ao-publico-temporariamente\/","title":{"rendered":"Semed Penedo suspende atendimento ao p\u00fablico temporariamente"},"content":{"rendered":"<p>Devido as obras iniciadas no Complexo Educacional e Esportivo Dr. Alcides Andrade, o antigo Gin\u00e1sio do Sesi, que transformar\u00e3o o lugar em um grande centro esportivo para atender diversas modalidades, a Secretaria Municipal de Educa\u00e7\u00e3o (Semed) da Prefeitura de Penedo suspendeu o atendimento ao P\u00fablico.<\/p>\n<p><a href=\"https:\/\/oparanews.com.br\/wp-content\/uploads\/2020\/05\/aaaaaaaaaaaaaaaaaaaaaa-3.jpg\"><img loading=\"lazy\" decoding=\"async\" class=\"alignleft size-medium wp-image-6299\" src=\"https:\/\/oparanews.com.br\/wp-content\/uploads\/2020\/05\/aaaaaaaaaaaaaaaaaaaaaa-3-300x296.jpg\" alt=\"\" width=\"300\" height=\"296\" \/><\/a>A informa\u00e7\u00e3o consta em comunicado oficial assinado pela Secretaria Municipal de Educa\u00e7\u00e3o, C\u00edntya Alves.<\/p>\n<p>O comunicado esclarece ainda que o atendimento ser\u00e1 retomado no pr\u00f3ximo dia 25 de maio, na Creche Santa Luzia, localizada no bairro de mesmo nome.<\/p>\n<p>A reforma do Complexo Educacional e Esportivo Dr. Alcides Andrade contempla a sede da Secretaria Municipal de Educa\u00e7\u00e3o (Semed), que funcionar\u00e1 em novo local enquanto durar o per\u00edodo de obras.<\/p>\n<p>A obra tamb\u00e9m inclui as duas piscinas e a constru\u00e7\u00e3o de espa\u00e7os para diversas modalidades distintas, revitaliza\u00e7\u00e3o do campo de futebol com ilumina\u00e7\u00e3o, revitaliza\u00e7\u00e3o do gin\u00e1sio, pista de salto com vara tamanho oficial, , entre outros.<\/p>\n<p>&nbsp;<\/p>\n<p><strong>por Thiago Sobral &#8211; Decom (PMP)<\/strong><\/p>\n<p>&nbsp;<\/p>\n","protected":false},"excerpt":{"rendered":"<p>Devido as obras iniciadas no Complexo Educacional e Esportivo Dr. Alcides Andrade, o antigo Gin\u00e1sio do Sesi, que transformar\u00e3o o lugar em um grande centro esportivo para atender diversas modalidades, a Secretaria Municipal de Educa\u00e7\u00e3o (Semed) da Prefeitura de Penedo suspendeu o atendimento ao P\u00fablico. A informa\u00e7\u00e3o consta em comunicado oficial assinado pela Secretaria Municipal &hellip;<\/p>\n","protected":false},"author":1,"featured_media":6300,"comment_status":"open","ping_status":"open","sticky":false,"template":"","format":"standard","meta":{"_jetpack_newsletter_access":"","_jetpack_dont_email_post_to_subs":false,"_jetpack_newsletter_tier_id":0,"_jetpack_memberships_contains_paywalled_content":false,"_jetpack_memberships_contains_paid_content":false,"footnotes":""},"categories":[1],"tags":[],"class_list":["post-6298","post","type-post","status-publish","format-standard","has-post-thumbnail","hentry","category-destaque"],"jetpack_sharing_enabled":true,"jetpack_featured_media_url":"","_links":{"self":[{"href":"https:\/\/www.oparanews.com.br\/index.php\/wp-json\/wp\/v2\/posts\/6298","targetHints":{"allow":["GET"]}}],"collection":[{"href":"https:\/\/www.oparanews.com.br\/index.php\/wp-json\/wp\/v2\/posts"}],"about":[{"href":"https:\/\/www.oparanews.com.br\/index.php\/wp-json\/wp\/v2\/types\/post"}],"author":[{"embeddable":true,"href":"https:\/\/www.oparanews.com.br\/index.php\/wp-json\/wp\/v2\/users\/1"}],"replies":[{"embeddable":true,"href":"https:\/\/www.oparanews.com.br\/index.php\/wp-json\/wp\/v2\/comments?post=6298"}],"version-history":[{"count":0,"href":"https:\/\/www.oparanews.com.br\/index.php\/wp-json\/wp\/v2\/posts\/6298\/revisions"}],"wp:attachment":[{"href":"https:\/\/www.oparanews.com.br\/index.php\/wp-json\/wp\/v2\/media?parent=6298"}],"wp:term":[{"taxonomy":"category","embeddable":true,"href":"https:\/\/www.oparanews.com.br\/index.php\/wp-json\/wp\/v2\/categories?post=6298"},{"taxonomy":"post_tag","embeddable":true,"href":"https:\/\/www.oparanews.com.br\/index.php\/wp-json\/wp\/v2\/tags?post=6298"}],"curies":[{"name":"wp","href":"https:\/\/api.w.org\/{rel}","templated":true}]}}