{"id":6305,"date":"2020-05-13T01:26:26","date_gmt":"2020-05-13T01:26:26","guid":{"rendered":"https:\/\/oparanews.com.br\/?p=6305"},"modified":"2020-05-13T01:26:26","modified_gmt":"2020-05-13T01:26:26","slug":"tecnica-de-enfermagem-morre-em-maceio-por-covid-19","status":"publish","type":"post","link":"https:\/\/www.oparanews.com.br\/index.php\/2020\/05\/13\/tecnica-de-enfermagem-morre-em-maceio-por-covid-19\/","title":{"rendered":"T\u00e9cnica de enfermagem morre em Macei\u00f3 por Covid-19"},"content":{"rendered":"<p>Morreu em Alagoas a primeira profissional de enfermagem com Covid-19, doen\u00e7a causada pelo novo coronav\u00edrus. Alaine Nascimento era t\u00e9cnica de enfermagem na Cooperativa dos Profissionais da \u00c1rea de Aten\u00e7\u00e3o a Sa\u00fade de Alagoas (Coopsano). A informa\u00e7\u00e3o foi confirmada pelo Conselho Regional de Enfermagem de Alagoas (Coren-AL) nesta ter\u00e7a-feira (12).<\/p>\n<p>De acordo com o Coren, 371 profissionais de enfermagem do estado foram afastados dos postos de trabalho, 280 casos suspeitos e 91 confirmados.<\/p>\n<p>Alaine faleceu na segunda-feira (11). O Conselho n\u00e3o deu detalhes sobre como ela adoeceu nem onde estava se tratando da doen\u00e7a.<\/p>\n<p>\u201cHoje, bicenten\u00e1rio da enfermeira brit\u00e2nica Florence Nightingale, a pioneira da enfermagem moderna. Ficou famosa pela revolu\u00e7\u00e3o do cuidado durante o tratamento de feridos na guerra, uma verdadeira inspira\u00e7\u00e3o. N\u00e3o imaginar\u00edamos que em 2020 enfrentar\u00edamos outra guerra, dessa vez contra o invis\u00edvel. A pandemia do coronav\u00edrus colocou a enfermagem na linha de frente do combate. Mundialmente a popula\u00e7\u00e3o tem percebido, ainda mais, a import\u00e2ncia da enfermagem\u201d, destacou o presidente do Coren, Renn\u00e9 Costa.<\/p>\n<p>Segundo o conselho, a atualiza\u00e7\u00e3o nos n\u00fameros \u00e9 feita quando uma institui\u00e7\u00e3o de sa\u00fade do Estado comunica novos casos ao Coren-AL. Os n\u00fameros, por\u00e9m, ainda n\u00e3o refletem a atual situa\u00e7\u00e3o vivida no estado. O Coren ainda aguarda os dados de muitas institui\u00e7\u00f5es que ainda n\u00e3o responderam a solicita\u00e7\u00e3o.<\/p>\n<p>O Coren-AL j\u00e1 solicitou aos enfermeiros respons\u00e1veis t\u00e9cnicos de todas as institui\u00e7\u00f5es de sa\u00fade do Estado, que comuniquem o caso de qualquer profissional afastado com suspeita, internado e\/ou \u00f3bito confirmado por Covid-19.<\/p>\n<p>&nbsp;<\/p>\n<p><strong>Fonte: G1\/AL<\/strong><\/p>\n<p>&nbsp;<\/p>\n","protected":false},"excerpt":{"rendered":"<p>Morreu em Alagoas a primeira profissional de enfermagem com Covid-19, doen\u00e7a causada pelo novo coronav\u00edrus. Alaine Nascimento era t\u00e9cnica de enfermagem na Cooperativa dos Profissionais da \u00c1rea de Aten\u00e7\u00e3o a Sa\u00fade de Alagoas (Coopsano). A informa\u00e7\u00e3o foi confirmada pelo Conselho Regional de Enfermagem de Alagoas (Coren-AL) nesta ter\u00e7a-feira (12). De acordo com o Coren, 371 &hellip;<\/p>\n","protected":false},"author":1,"featured_media":6306,"comment_status":"open","ping_status":"open","sticky":false,"template":"","format":"standard","meta":{"_jetpack_newsletter_access":"","_jetpack_dont_email_post_to_subs":false,"_jetpack_newsletter_tier_id":0,"_jetpack_memberships_contains_paywalled_content":false,"_jetpack_memberships_contains_paid_content":false,"footnotes":""},"categories":[1],"tags":[],"class_list":["post-6305","post","type-post","status-publish","format-standard","has-post-thumbnail","hentry","category-destaque"],"jetpack_sharing_enabled":true,"jetpack_featured_media_url":"","_links":{"self":[{"href":"https:\/\/www.oparanews.com.br\/index.php\/wp-json\/wp\/v2\/posts\/6305","targetHints":{"allow":["GET"]}}],"collection":[{"href":"https:\/\/www.oparanews.com.br\/index.php\/wp-json\/wp\/v2\/posts"}],"about":[{"href":"https:\/\/www.oparanews.com.br\/index.php\/wp-json\/wp\/v2\/types\/post"}],"author":[{"embeddable":true,"href":"https:\/\/www.oparanews.com.br\/index.php\/wp-json\/wp\/v2\/users\/1"}],"replies":[{"embeddable":true,"href":"https:\/\/www.oparanews.com.br\/index.php\/wp-json\/wp\/v2\/comments?post=6305"}],"version-history":[{"count":0,"href":"https:\/\/www.oparanews.com.br\/index.php\/wp-json\/wp\/v2\/posts\/6305\/revisions"}],"wp:attachment":[{"href":"https:\/\/www.oparanews.com.br\/index.php\/wp-json\/wp\/v2\/media?parent=6305"}],"wp:term":[{"taxonomy":"category","embeddable":true,"href":"https:\/\/www.oparanews.com.br\/index.php\/wp-json\/wp\/v2\/categories?post=6305"},{"taxonomy":"post_tag","embeddable":true,"href":"https:\/\/www.oparanews.com.br\/index.php\/wp-json\/wp\/v2\/tags?post=6305"}],"curies":[{"name":"wp","href":"https:\/\/api.w.org\/{rel}","templated":true}]}}