{"id":6308,"date":"2020-05-13T01:28:35","date_gmt":"2020-05-13T01:28:35","guid":{"rendered":"https:\/\/oparanews.com.br\/?p=6308"},"modified":"2020-05-13T01:28:35","modified_gmt":"2020-05-13T01:28:35","slug":"homem-e-preso-com-27-quilos-de-skank-escondidos-dentro-do-carro-na-br-101","status":"publish","type":"post","link":"https:\/\/www.oparanews.com.br\/index.php\/2020\/05\/13\/homem-e-preso-com-27-quilos-de-skank-escondidos-dentro-do-carro-na-br-101\/","title":{"rendered":"Homem \u00e9 preso com 27 quilos de skank escondidos dentro do carro na BR-101"},"content":{"rendered":"<p>A Pol\u00edcia Rodovi\u00e1ria Federal (PRF) prendeu um homem e apreendeu 27 quilos de skank, um tipo de droga mais forte que a maconha, durante fiscaliza\u00e7\u00e3o na BR-101, em Pilar, na regi\u00e3o metropolitana de Macei\u00f3.<\/p>\n<p>A droga estava escondida em v\u00e1rios compartimentos do carro que o suspeito conduzia quando foi abordado pelos agentes da PRF. O preso tem 25 anos e n\u00e3o teve o nome divulgado.<\/p>\n<p>Em uma busca r\u00e1pida, os policiais encontraram uma pequena quantidade da droga. Mas desconfiaram que poderia haver mais e encaminharam o suspeito j\u00e1 preso e o ve\u00edculo para a sede da PRF. L\u00e1, inspecionaram todo o ve\u00edculo, encontrando ao todo 27 quilos da droga.<\/p>\n<p>Segundo a PRF, o carro tem placa do estado de Minas Gerais, e pertence a uma locadora de ve\u00edculos. O homem confessou que estava levando a droga para Natal, capital do Rio Grande do Norte, mas deixaria uma parte da carga em Macei\u00f3.<\/p>\n<p>Em seguida, o homem e o material apreendido foram encaminhados a sede da Divis\u00e3o Especial de Investiga\u00e7\u00e3o e Capturas (Deic).<\/p>\n<p>&nbsp;<\/p>\n<p><strong>Fonte: G1\/AL<\/strong><\/p>\n<p>&nbsp;<\/p>\n","protected":false},"excerpt":{"rendered":"<p>A Pol\u00edcia Rodovi\u00e1ria Federal (PRF) prendeu um homem e apreendeu 27 quilos de skank, um tipo de droga mais forte que a maconha, durante fiscaliza\u00e7\u00e3o na BR-101, em Pilar, na regi\u00e3o metropolitana de Macei\u00f3. A droga estava escondida em v\u00e1rios compartimentos do carro que o suspeito conduzia quando foi abordado pelos agentes da PRF. O &hellip;<\/p>\n","protected":false},"author":1,"featured_media":6309,"comment_status":"open","ping_status":"open","sticky":false,"template":"","format":"standard","meta":{"_jetpack_newsletter_access":"","_jetpack_dont_email_post_to_subs":false,"_jetpack_newsletter_tier_id":0,"_jetpack_memberships_contains_paywalled_content":false,"_jetpack_memberships_contains_paid_content":false,"footnotes":""},"categories":[1],"tags":[],"class_list":["post-6308","post","type-post","status-publish","format-standard","has-post-thumbnail","hentry","category-destaque"],"jetpack_sharing_enabled":true,"jetpack_featured_media_url":"","_links":{"self":[{"href":"https:\/\/www.oparanews.com.br\/index.php\/wp-json\/wp\/v2\/posts\/6308","targetHints":{"allow":["GET"]}}],"collection":[{"href":"https:\/\/www.oparanews.com.br\/index.php\/wp-json\/wp\/v2\/posts"}],"about":[{"href":"https:\/\/www.oparanews.com.br\/index.php\/wp-json\/wp\/v2\/types\/post"}],"author":[{"embeddable":true,"href":"https:\/\/www.oparanews.com.br\/index.php\/wp-json\/wp\/v2\/users\/1"}],"replies":[{"embeddable":true,"href":"https:\/\/www.oparanews.com.br\/index.php\/wp-json\/wp\/v2\/comments?post=6308"}],"version-history":[{"count":0,"href":"https:\/\/www.oparanews.com.br\/index.php\/wp-json\/wp\/v2\/posts\/6308\/revisions"}],"wp:attachment":[{"href":"https:\/\/www.oparanews.com.br\/index.php\/wp-json\/wp\/v2\/media?parent=6308"}],"wp:term":[{"taxonomy":"category","embeddable":true,"href":"https:\/\/www.oparanews.com.br\/index.php\/wp-json\/wp\/v2\/categories?post=6308"},{"taxonomy":"post_tag","embeddable":true,"href":"https:\/\/www.oparanews.com.br\/index.php\/wp-json\/wp\/v2\/tags?post=6308"}],"curies":[{"name":"wp","href":"https:\/\/api.w.org\/{rel}","templated":true}]}}