{"id":6314,"date":"2020-05-13T11:51:08","date_gmt":"2020-05-13T11:51:08","guid":{"rendered":"https:\/\/oparanews.com.br\/?p=6314"},"modified":"2020-05-13T11:51:08","modified_gmt":"2020-05-13T11:51:08","slug":"lula-critica-bolsonaro-por-recorde-de-mortes-pela-covid-19","status":"publish","type":"post","link":"https:\/\/www.oparanews.com.br\/index.php\/2020\/05\/13\/lula-critica-bolsonaro-por-recorde-de-mortes-pela-covid-19\/","title":{"rendered":"Lula critica Bolsonaro por recorde de mortes pela covid-19"},"content":{"rendered":"<p>O ex-presidente Luis In\u00e1cio Lula da Silva criticou o presidente Jair Bolsonaro pelas redes sociais na noite desta ter\u00e7a-feira (12), ap\u00f3s o Brasil registrar novo recorde de mortes por covid-19 em um dia. Lula foi ao Twitter relembrar o passeio de Jet-ski que Bolsonaro deu no \u00falrimo s\u00e1bado (9) e contrastou o fato com o n\u00famero de mortes por covid-19. O petista escreveu em seu perfil, &#8220;Foram 881 mortos hoje. Quase mil vidas por dia e o cara passeando de jet ski&#8221;.<\/p>\n<p>Nesta ter\u00e7a-feira, o Brasil chegou a 12.400 v\u00edtimas fatais da covid-19, segundo atualiza\u00e7\u00e3o feita pelo Minist\u00e9rio da Sa\u00fade. O n\u00famero de casos confirmados da doen\u00e7a no Pa\u00eds saltou de 168.331 para 177.589, um acr\u00e9scimo de 9.258 registros entre ontem e hoje. Com essa atualiza\u00e7\u00e3o, o Brasil ultrapassou a Alemanha em n\u00famero total de casos confirmados da covid-19 e se tornou o 7\u00ba pa\u00eds no mundo com mais casos da doen\u00e7a, segundo levantamento da universidade Johns Hopkins.<\/p>\n<p>O presidente Jair Bolsonaro vem sofrendo cr\u00edticas pela sua condu\u00e7\u00e3o durante a crise do novo coronav\u00edrus e por suas frequentes apari\u00e7\u00f5es em p\u00fablico, desrespeitando as recomenda\u00e7\u00f5es da Organiza\u00e7\u00e3o Mundial da Sa\u00fade de respeitar o isolamento social.<\/p>\n<p>Nos \u00faltimos dias, Bolsonaro tamb\u00e9m editou decreto que ampliou o n\u00famero de servi\u00e7os considerados essenciais, como sal\u00f5es de beleza, academias e barbearias. O decreto gerou rea\u00e7\u00e3o de alguns governadores que acenaram dizendo que n\u00e3o respeitar\u00e3o a medida. Bolsonaro retrucou dizendo que &#8220;aflora o autoritarismo&#8221; por parte dos governadores e que eles deveriam buscar a &#8216;Justi\u00e7a&#8217; ou &#8216;Congresso&#8217; caso n\u00e3o concordassem com a medida.<\/p>\n<p>&nbsp;<\/p>\n<p><strong>Fonte: Terra<\/strong><\/p>\n<p>&nbsp;<\/p>\n","protected":false},"excerpt":{"rendered":"<p>O ex-presidente Luis In\u00e1cio Lula da Silva criticou o presidente Jair Bolsonaro pelas redes sociais na noite desta ter\u00e7a-feira (12), ap\u00f3s o Brasil registrar novo recorde de mortes por covid-19 em um dia. Lula foi ao Twitter relembrar o passeio de Jet-ski que Bolsonaro deu no \u00falrimo s\u00e1bado (9) e contrastou o fato com o &hellip;<\/p>\n","protected":false},"author":1,"featured_media":6315,"comment_status":"open","ping_status":"open","sticky":false,"template":"","format":"standard","meta":{"_jetpack_newsletter_access":"","_jetpack_dont_email_post_to_subs":false,"_jetpack_newsletter_tier_id":0,"_jetpack_memberships_contains_paywalled_content":false,"_jetpack_memberships_contains_paid_content":false,"footnotes":""},"categories":[1],"tags":[],"class_list":["post-6314","post","type-post","status-publish","format-standard","has-post-thumbnail","hentry","category-destaque"],"jetpack_sharing_enabled":true,"jetpack_featured_media_url":"","_links":{"self":[{"href":"https:\/\/www.oparanews.com.br\/index.php\/wp-json\/wp\/v2\/posts\/6314","targetHints":{"allow":["GET"]}}],"collection":[{"href":"https:\/\/www.oparanews.com.br\/index.php\/wp-json\/wp\/v2\/posts"}],"about":[{"href":"https:\/\/www.oparanews.com.br\/index.php\/wp-json\/wp\/v2\/types\/post"}],"author":[{"embeddable":true,"href":"https:\/\/www.oparanews.com.br\/index.php\/wp-json\/wp\/v2\/users\/1"}],"replies":[{"embeddable":true,"href":"https:\/\/www.oparanews.com.br\/index.php\/wp-json\/wp\/v2\/comments?post=6314"}],"version-history":[{"count":0,"href":"https:\/\/www.oparanews.com.br\/index.php\/wp-json\/wp\/v2\/posts\/6314\/revisions"}],"wp:attachment":[{"href":"https:\/\/www.oparanews.com.br\/index.php\/wp-json\/wp\/v2\/media?parent=6314"}],"wp:term":[{"taxonomy":"category","embeddable":true,"href":"https:\/\/www.oparanews.com.br\/index.php\/wp-json\/wp\/v2\/categories?post=6314"},{"taxonomy":"post_tag","embeddable":true,"href":"https:\/\/www.oparanews.com.br\/index.php\/wp-json\/wp\/v2\/tags?post=6314"}],"curies":[{"name":"wp","href":"https:\/\/api.w.org\/{rel}","templated":true}]}}