{"id":6320,"date":"2020-05-13T12:26:17","date_gmt":"2020-05-13T12:26:17","guid":{"rendered":"https:\/\/oparanews.com.br\/?p=6320"},"modified":"2020-05-13T12:26:17","modified_gmt":"2020-05-13T12:26:17","slug":"vidal-e-inter-de-milao-precisam-acertar-base-salarial","status":"publish","type":"post","link":"https:\/\/www.oparanews.com.br\/index.php\/2020\/05\/13\/vidal-e-inter-de-milao-precisam-acertar-base-salarial\/","title":{"rendered":"Vidal e Inter de Mil\u00e3o precisam acertar base salarial"},"content":{"rendered":"<p>O futuro de Arturo Vidal parece cada vez mais pr\u00f3ximo da Inter de Mil\u00e3o. O di\u00e1rio &#8220;La Cuarta&#8221; afirmou que uma fonte pr\u00f3xima do chileno revelou que s\u00f3 falta o clube italiano e o meio-campista acertarem os sal\u00e1rios.Essa quest\u00e3o \u00e9 onde reside a maior dificuldade, pois o veterano pede 13 milh\u00f5es de euros (R$ 81 milh\u00f5es) por temporada, enquanto o teto da equipe \u00e9 de 12 milh\u00f5es de euros (R$ 75 milh\u00f5es) com Lukaku.<\/p>\n<p>A fonte ouvida tamb\u00e9m assegurou que Vidal e Antonio Conte j\u00e1 conversaram diversas vezes por telefone nas \u00faltimas semanas e que o acordo e vontade de ambas as partes est\u00e1 encaminhado. Ambos trabalharam juntos na Juventus e o comandante da Inter j\u00e1 havia pedido o jogador na \u00faltima janela de transfer\u00eancias de janeiro, mas na \u00e9poca a opera\u00e7\u00e3o n\u00e3o foi fechada.<\/p>\n<p>O chileno pode ser envolvido na negocia\u00e7\u00e3o que pode resultar na ida de Lautaro Mart\u00ednez para o Barcelona. O meio-campista, assim como outros atletas, como Semedo, Umtiti e Griezmann j\u00e1 foram especulados na equipe italiana. Al\u00e9m de Vidal, os cul\u00e9s ainda devem pagar uma compensa\u00e7\u00e3o financeira pelo argentino.<\/p>\n<p>&nbsp;<\/p>\n<p><strong>Fonte: UOL<\/strong><\/p>\n<p>&nbsp;<\/p>\n","protected":false},"excerpt":{"rendered":"<p>O futuro de Arturo Vidal parece cada vez mais pr\u00f3ximo da Inter de Mil\u00e3o. O di\u00e1rio &#8220;La Cuarta&#8221; afirmou que uma fonte pr\u00f3xima do chileno revelou que s\u00f3 falta o clube italiano e o meio-campista acertarem os sal\u00e1rios.Essa quest\u00e3o \u00e9 onde reside a maior dificuldade, pois o veterano pede 13 milh\u00f5es de euros (R$ 81 &hellip;<\/p>\n","protected":false},"author":1,"featured_media":6321,"comment_status":"open","ping_status":"open","sticky":false,"template":"","format":"standard","meta":{"_jetpack_newsletter_access":"","_jetpack_dont_email_post_to_subs":false,"_jetpack_newsletter_tier_id":0,"_jetpack_memberships_contains_paywalled_content":false,"_jetpack_memberships_contains_paid_content":false,"footnotes":""},"categories":[1],"tags":[],"class_list":["post-6320","post","type-post","status-publish","format-standard","has-post-thumbnail","hentry","category-destaque"],"jetpack_sharing_enabled":true,"jetpack_featured_media_url":"","_links":{"self":[{"href":"https:\/\/www.oparanews.com.br\/index.php\/wp-json\/wp\/v2\/posts\/6320","targetHints":{"allow":["GET"]}}],"collection":[{"href":"https:\/\/www.oparanews.com.br\/index.php\/wp-json\/wp\/v2\/posts"}],"about":[{"href":"https:\/\/www.oparanews.com.br\/index.php\/wp-json\/wp\/v2\/types\/post"}],"author":[{"embeddable":true,"href":"https:\/\/www.oparanews.com.br\/index.php\/wp-json\/wp\/v2\/users\/1"}],"replies":[{"embeddable":true,"href":"https:\/\/www.oparanews.com.br\/index.php\/wp-json\/wp\/v2\/comments?post=6320"}],"version-history":[{"count":0,"href":"https:\/\/www.oparanews.com.br\/index.php\/wp-json\/wp\/v2\/posts\/6320\/revisions"}],"wp:attachment":[{"href":"https:\/\/www.oparanews.com.br\/index.php\/wp-json\/wp\/v2\/media?parent=6320"}],"wp:term":[{"taxonomy":"category","embeddable":true,"href":"https:\/\/www.oparanews.com.br\/index.php\/wp-json\/wp\/v2\/categories?post=6320"},{"taxonomy":"post_tag","embeddable":true,"href":"https:\/\/www.oparanews.com.br\/index.php\/wp-json\/wp\/v2\/tags?post=6320"}],"curies":[{"name":"wp","href":"https:\/\/api.w.org\/{rel}","templated":true}]}}