{"id":6326,"date":"2020-05-13T19:17:21","date_gmt":"2020-05-13T19:17:21","guid":{"rendered":"https:\/\/oparanews.com.br\/?p=6326"},"modified":"2020-05-13T19:17:21","modified_gmt":"2020-05-13T19:17:21","slug":"presidente-do-instituto-arnon-de-mello-carlos-mendonca-morre-por-covid-19","status":"publish","type":"post","link":"https:\/\/www.oparanews.com.br\/index.php\/2020\/05\/13\/presidente-do-instituto-arnon-de-mello-carlos-mendonca-morre-por-covid-19\/","title":{"rendered":"Presidente do Instituto Arnon de Mello, Carlos Mendon\u00e7a morre por Covid-19"},"content":{"rendered":"<p>O presidente do Instituto Arnon de Mello (IAM) e do Conselho Estrat\u00e9gico da Organiza\u00e7\u00e3o Arnon de Mello, Carlos Mendon\u00e7a, faleceu nesta quarta-feira (13). Ele estava em tratamento na Santa Casa de Miseric\u00f3rdia de Macei\u00f3 desde que foi diagnosticado com Covid-19. A informa\u00e7\u00e3o foi confirmada pela assessoria.<\/p>\n<p><em>&#8220;Comunicamos com pesar o falecimento do Dr. Carlos Mendon\u00e7a, ocorrido na manh\u00e3 de hoje na Santa Casa de Macei\u00f3, onde lutava contra a Covid-19. O grande alagoano que tanto contribuiu com a vida p\u00fablica do nosso Estado deixa a esposa, Dona Felina Mendon\u00e7a, e os filhos Rosa, Vera e Alfredo Gaspar, genros, nora e netos&#8221;<\/em>, diz trecho da nota (leia na \u00edntegra ao final do texto).<\/p>\n<p>Doutor Carlos, como era conhecido, nasceu em 1938, na cidade alagoana de Palmeira dos \u00cdndios. Era formado em direito pela Universidade Federal de Alagoas (UFAL) e mestre em direito p\u00fablico pela Universidade Federal de Pernambuco (UFPE).<\/p>\n<p>Poeta, ele tamb\u00e9m era membro da Academia Alagoana de Letras (AAL), onde ocupava a cadeira de n\u00famero 19, cujo patrono e anterior ocupante era o poeta L\u00eado Ivo.<\/p>\n<p>Fam\u00edlia com Covid-19<\/p>\n<p>Al\u00e9m de Mendon\u00e7a, o filho dele, o ex-procurador-geral de Justi\u00e7a Alfredo Gaspar de Mendon\u00e7a, e o neto, Mendon\u00e7a Neto, tamb\u00e9m foram diagnosticados com Covid-19.<\/p>\n<p>Alfredo Gaspar estava em tratamento domiciliar, mas precisou ser internado na ter\u00e7a (12) ap\u00f3s apresentar quadro febril e aumento do comprometimento pulmonar. Mendon\u00e7a Neto segue em tratamento domiciliar.<\/p>\n<p>Leia a \u00edntegra da nota de falecimento divulgada pela fam\u00edlia<\/p>\n<p><strong>Nota de Falecimento<\/strong><\/p>\n<p><em>Comunicamos com pesar o falecimento do Dr. Carlos Mendon\u00e7a, ocorrido na manh\u00e3 de hoje na Santa Casa de Macei\u00f3, onde lutava contra a Covid19. O grande alagoano que tanto contribuiu com a vida p\u00fablica do nosso Estado deixa a esposa, Dona Felina Mendon\u00e7a, e os filhos Rosa, Vera e Alfredo Gaspar, genros, nora e netos. A fam\u00edlia agradece pelas ora\u00e7\u00f5es e pelo apoio de todos e informa que o vel\u00f3rio e o sepultamento seguir\u00e3o as normas determinados para o per\u00edodo de pandemia.<\/em><\/p>\n<p>&nbsp;<\/p>\n<p><strong>Fonte: G1\/AL<\/strong><\/p>\n<p>&nbsp;<\/p>\n","protected":false},"excerpt":{"rendered":"<p>O presidente do Instituto Arnon de Mello (IAM) e do Conselho Estrat\u00e9gico da Organiza\u00e7\u00e3o Arnon de Mello, Carlos Mendon\u00e7a, faleceu nesta quarta-feira (13). Ele estava em tratamento na Santa Casa de Miseric\u00f3rdia de Macei\u00f3 desde que foi diagnosticado com Covid-19. A informa\u00e7\u00e3o foi confirmada pela assessoria. &#8220;Comunicamos com pesar o falecimento do Dr. Carlos Mendon\u00e7a, &hellip;<\/p>\n","protected":false},"author":1,"featured_media":6327,"comment_status":"open","ping_status":"open","sticky":false,"template":"","format":"standard","meta":{"_jetpack_newsletter_access":"","_jetpack_dont_email_post_to_subs":false,"_jetpack_newsletter_tier_id":0,"_jetpack_memberships_contains_paywalled_content":false,"_jetpack_memberships_contains_paid_content":false,"footnotes":""},"categories":[1],"tags":[],"class_list":["post-6326","post","type-post","status-publish","format-standard","has-post-thumbnail","hentry","category-destaque"],"jetpack_sharing_enabled":true,"jetpack_featured_media_url":"","_links":{"self":[{"href":"https:\/\/www.oparanews.com.br\/index.php\/wp-json\/wp\/v2\/posts\/6326","targetHints":{"allow":["GET"]}}],"collection":[{"href":"https:\/\/www.oparanews.com.br\/index.php\/wp-json\/wp\/v2\/posts"}],"about":[{"href":"https:\/\/www.oparanews.com.br\/index.php\/wp-json\/wp\/v2\/types\/post"}],"author":[{"embeddable":true,"href":"https:\/\/www.oparanews.com.br\/index.php\/wp-json\/wp\/v2\/users\/1"}],"replies":[{"embeddable":true,"href":"https:\/\/www.oparanews.com.br\/index.php\/wp-json\/wp\/v2\/comments?post=6326"}],"version-history":[{"count":0,"href":"https:\/\/www.oparanews.com.br\/index.php\/wp-json\/wp\/v2\/posts\/6326\/revisions"}],"wp:attachment":[{"href":"https:\/\/www.oparanews.com.br\/index.php\/wp-json\/wp\/v2\/media?parent=6326"}],"wp:term":[{"taxonomy":"category","embeddable":true,"href":"https:\/\/www.oparanews.com.br\/index.php\/wp-json\/wp\/v2\/categories?post=6326"},{"taxonomy":"post_tag","embeddable":true,"href":"https:\/\/www.oparanews.com.br\/index.php\/wp-json\/wp\/v2\/tags?post=6326"}],"curies":[{"name":"wp","href":"https:\/\/api.w.org\/{rel}","templated":true}]}}