{"id":6335,"date":"2020-05-13T19:26:25","date_gmt":"2020-05-13T19:26:25","guid":{"rendered":"https:\/\/oparanews.com.br\/?p=6335"},"modified":"2020-05-13T19:26:25","modified_gmt":"2020-05-13T19:26:25","slug":"fifa-divulga-novas-datas-de-competicoes-adiadas-devido-a-pandemia","status":"publish","type":"post","link":"https:\/\/www.oparanews.com.br\/index.php\/2020\/05\/13\/fifa-divulga-novas-datas-de-competicoes-adiadas-devido-a-pandemia\/","title":{"rendered":"FIFA divulga novas datas de competi\u00e7\u00f5es adiadas devido \u00e0 pandemia"},"content":{"rendered":"<p>A Fifa, entidade m\u00e1xima do futebol mundial, divulgou as novas datas para a realiza\u00e7\u00e3o da Copa do Mundo de Futsal da Litu\u00e2nia, por meio de comunicado oficial. A competi\u00e7\u00e3o vai ocorrer no segundo semestre do ano que vem, entre os dias 12 de setembro e 3 de outubro. A disputa inicialmente estava prevista no calend\u00e1rio de 2020, teve de ser adiada devido \u00e0 pandemia do novo coronar\u00edvus (covid-19).<\/p>\n<p>A crise na sa\u00fade tamb\u00e9m provocou o reagendamento dos campeonatos de base organizados pela Fifa. A Copa do Mundo Feminina sub-20, com sede na Costa Rica e no Panam\u00e1, foi transferida para o in\u00edcio de 2021: ser\u00e1 de 20 de janeiro a 6 de fevereiro. Apesar da mudan\u00e7a, est\u00e1 mantido o regulamento de participa\u00e7\u00e3o: poder\u00e3o competir atletas que nasceram em 2000, ou seja, que completam 21 anos no ano da disputa.<\/p>\n<p>O mesmo vale para os atletas que disputar\u00e3o a Copa do Mundo masculina sub-17: os jogadores que nasceram em 2003, que consequentemente completar\u00e3o 18 anos em 2021, n\u00e3o ter\u00e3o impedimento de representar suas respectivas sele\u00e7\u00f5es. O Mundial desta categoria foi confirmado para o per\u00edodo que vai de 17 de fevereiro a 7 de mar\u00e7o, na \u00cdndia.<\/p>\n<p>J\u00e1 o 70\u00ba Congresso da FIFA, com sede em Adis Abeba (Eti\u00f3pia), adiado para o dia 18 de setembro &#8211; o evento estava marcado para 5 de julho mas foi adiado devido \u00e0 pandemia &#8211; est\u00e1 mantido no calend\u00e1rio da entidade, at\u00e9 o momento.<\/p>\n<p>&nbsp;<\/p>\n<p><strong>Fonte: Ag\u00eancia Brasil<\/strong><\/p>\n<p>&nbsp;<\/p>\n","protected":false},"excerpt":{"rendered":"<p>A Fifa, entidade m\u00e1xima do futebol mundial, divulgou as novas datas para a realiza\u00e7\u00e3o da Copa do Mundo de Futsal da Litu\u00e2nia, por meio de comunicado oficial. A competi\u00e7\u00e3o vai ocorrer no segundo semestre do ano que vem, entre os dias 12 de setembro e 3 de outubro. A disputa inicialmente estava prevista no calend\u00e1rio &hellip;<\/p>\n","protected":false},"author":1,"featured_media":6336,"comment_status":"open","ping_status":"open","sticky":false,"template":"","format":"standard","meta":{"_jetpack_newsletter_access":"","_jetpack_dont_email_post_to_subs":false,"_jetpack_newsletter_tier_id":0,"_jetpack_memberships_contains_paywalled_content":false,"_jetpack_memberships_contains_paid_content":false,"footnotes":""},"categories":[1],"tags":[],"class_list":["post-6335","post","type-post","status-publish","format-standard","has-post-thumbnail","hentry","category-destaque"],"jetpack_sharing_enabled":true,"jetpack_featured_media_url":"","_links":{"self":[{"href":"https:\/\/www.oparanews.com.br\/index.php\/wp-json\/wp\/v2\/posts\/6335","targetHints":{"allow":["GET"]}}],"collection":[{"href":"https:\/\/www.oparanews.com.br\/index.php\/wp-json\/wp\/v2\/posts"}],"about":[{"href":"https:\/\/www.oparanews.com.br\/index.php\/wp-json\/wp\/v2\/types\/post"}],"author":[{"embeddable":true,"href":"https:\/\/www.oparanews.com.br\/index.php\/wp-json\/wp\/v2\/users\/1"}],"replies":[{"embeddable":true,"href":"https:\/\/www.oparanews.com.br\/index.php\/wp-json\/wp\/v2\/comments?post=6335"}],"version-history":[{"count":0,"href":"https:\/\/www.oparanews.com.br\/index.php\/wp-json\/wp\/v2\/posts\/6335\/revisions"}],"wp:attachment":[{"href":"https:\/\/www.oparanews.com.br\/index.php\/wp-json\/wp\/v2\/media?parent=6335"}],"wp:term":[{"taxonomy":"category","embeddable":true,"href":"https:\/\/www.oparanews.com.br\/index.php\/wp-json\/wp\/v2\/categories?post=6335"},{"taxonomy":"post_tag","embeddable":true,"href":"https:\/\/www.oparanews.com.br\/index.php\/wp-json\/wp\/v2\/tags?post=6335"}],"curies":[{"name":"wp","href":"https:\/\/api.w.org\/{rel}","templated":true}]}}