{"id":6338,"date":"2020-05-14T01:07:59","date_gmt":"2020-05-14T01:07:59","guid":{"rendered":"https:\/\/oparanews.com.br\/?p=6338"},"modified":"2020-05-14T01:07:59","modified_gmt":"2020-05-14T01:07:59","slug":"segundo-obito-por-covid-19-e-registrado-em-penedo","status":"publish","type":"post","link":"https:\/\/www.oparanews.com.br\/index.php\/2020\/05\/14\/segundo-obito-por-covid-19-e-registrado-em-penedo\/","title":{"rendered":"Segundo \u00f3bito por Covid-19 \u00e9 registrado em Penedo"},"content":{"rendered":"<p>A pandemia do novo coronav\u00edrus (Covid-19) faz a segunda v\u00edtima fatal em Penedo. Uma senhora de 70 anos, acometida por diabetes e residente no munic\u00edpio, faleceu no Hospital Carvalho Beltr\u00e3o, em Coruripe.<\/p>\n<p>O segundo \u00f3bito por Covid-19 em Penedo consta no boletim epidemiol\u00f3gico da Secretaria de Estado da Sa\u00fade (Sesau) publicado nesta quarta-feira, 12 de maio.<\/p>\n<p>Ainda de acordo com os dados confirmados pela Sesau, o boletim referente a Penedo continua registrando um caso de paciente recuperado e tr\u00eas suspeitos, mesmo n\u00famero de ontem porque h\u00e1 um novo caso de poss\u00edvel contamina\u00e7\u00e3o por coronav\u00edrus.<\/p>\n<p>A Secretaria Municipal de Sa\u00fade (SEMS) informa ainda aumento de pessoas infectadas por Covid-19 em Penedo, passando de seis para sete; e o crescimento de casos monitorados, passando de 53 para 58, dados das \u00faltimas 24 horas.<\/p>\n<p>Em Alagoas, o novo coronav\u00edrus j\u00e1 \u00e9 a causa de 164 mortes, segundo a Sesau. Tamb\u00e9m h\u00e1 2.761 casos confirmados de pessoas contaminadas, 1.253 suspeitos e 1.482 recuperados.<\/p>\n<p>&nbsp;<\/p>\n<p><strong>por Fernando Vin\u00edcius \u2013 Decom PMP<\/strong><\/p>\n<p>&nbsp;<\/p>\n","protected":false},"excerpt":{"rendered":"<p>A pandemia do novo coronav\u00edrus (Covid-19) faz a segunda v\u00edtima fatal em Penedo. Uma senhora de 70 anos, acometida por diabetes e residente no munic\u00edpio, faleceu no Hospital Carvalho Beltr\u00e3o, em Coruripe. O segundo \u00f3bito por Covid-19 em Penedo consta no boletim epidemiol\u00f3gico da Secretaria de Estado da Sa\u00fade (Sesau) publicado nesta quarta-feira, 12 de &hellip;<\/p>\n","protected":false},"author":1,"featured_media":6339,"comment_status":"open","ping_status":"open","sticky":false,"template":"","format":"standard","meta":{"_jetpack_newsletter_access":"","_jetpack_dont_email_post_to_subs":false,"_jetpack_newsletter_tier_id":0,"_jetpack_memberships_contains_paywalled_content":false,"_jetpack_memberships_contains_paid_content":false,"footnotes":""},"categories":[1],"tags":[],"class_list":["post-6338","post","type-post","status-publish","format-standard","has-post-thumbnail","hentry","category-destaque"],"jetpack_sharing_enabled":true,"jetpack_featured_media_url":"","_links":{"self":[{"href":"https:\/\/www.oparanews.com.br\/index.php\/wp-json\/wp\/v2\/posts\/6338","targetHints":{"allow":["GET"]}}],"collection":[{"href":"https:\/\/www.oparanews.com.br\/index.php\/wp-json\/wp\/v2\/posts"}],"about":[{"href":"https:\/\/www.oparanews.com.br\/index.php\/wp-json\/wp\/v2\/types\/post"}],"author":[{"embeddable":true,"href":"https:\/\/www.oparanews.com.br\/index.php\/wp-json\/wp\/v2\/users\/1"}],"replies":[{"embeddable":true,"href":"https:\/\/www.oparanews.com.br\/index.php\/wp-json\/wp\/v2\/comments?post=6338"}],"version-history":[{"count":0,"href":"https:\/\/www.oparanews.com.br\/index.php\/wp-json\/wp\/v2\/posts\/6338\/revisions"}],"wp:attachment":[{"href":"https:\/\/www.oparanews.com.br\/index.php\/wp-json\/wp\/v2\/media?parent=6338"}],"wp:term":[{"taxonomy":"category","embeddable":true,"href":"https:\/\/www.oparanews.com.br\/index.php\/wp-json\/wp\/v2\/categories?post=6338"},{"taxonomy":"post_tag","embeddable":true,"href":"https:\/\/www.oparanews.com.br\/index.php\/wp-json\/wp\/v2\/tags?post=6338"}],"curies":[{"name":"wp","href":"https:\/\/api.w.org\/{rel}","templated":true}]}}