{"id":6341,"date":"2020-05-14T01:30:48","date_gmt":"2020-05-14T01:30:48","guid":{"rendered":"https:\/\/oparanews.com.br\/?p=6341"},"modified":"2020-05-14T01:30:48","modified_gmt":"2020-05-14T01:30:48","slug":"ocupacao-de-utis-para-pacientes-com-covid-19-em-alagoas-sobe-para-72","status":"publish","type":"post","link":"https:\/\/www.oparanews.com.br\/index.php\/2020\/05\/14\/ocupacao-de-utis-para-pacientes-com-covid-19-em-alagoas-sobe-para-72\/","title":{"rendered":"Ocupa\u00e7\u00e3o de UTIs para pacientes com Covid-19 em Alagoas sobe para 72%"},"content":{"rendered":"<p>A ocupa\u00e7\u00e3o de Unidades de Terapia Intensiva (UTIs) cresce e preocupa autoridades. At\u00e9 as 18 horas desta quarta-feira (13), 72% dos leitos de UTI exclusivos para casos de Covid-19 na rede p\u00fablica de Alagoas estavam ocupados. A informa\u00e7\u00e3o \u00e9 da Secretaria de Estado da Sa\u00fade (Sesau).<\/p>\n<p>Na capital, onde est\u00e1 a maioria dos leitos, a ocupa\u00e7\u00e3o chegou a 70%. No interior, o problema \u00e9 ainda maior, onde a ocupa\u00e7\u00e3o chega a 86% em S\u00e3o Miguel dos Campos e a 76% em Arapiraca.<\/p>\n<p>A ocupa\u00e7\u00e3o preocupa, diante do aumento acelerado de casos de Covid-19. O boletim epidemiol\u00f3gico mais recente, divulgado nesta tarde, revela que Alagoas j\u00e1 confirmou mais de 2.700 casos da doen\u00e7a.<\/p>\n<p>Para garantir tratamento adequado a todo paciente que precise ser internado, os respiradores s\u00e3o fundamentais. Alagoas ainda aguarda a doa\u00e7\u00e3o prometida pelo Minist\u00e9rio da Sa\u00fade, mas enquanto isso n\u00e3o acontece, oferece seus pr\u00f3prios equipamentos.<\/p>\n<p>Segundo o secret\u00e1rio estadual da Sa\u00fade, Alexandre Ayres, os 155 leitos de UTI no estado para casos de Covid-19 contam com respiradores. \u201c74 destes leitos foram comprados antes da pandemia. Outros foram alugados e tem os que pertencem aos hospitais particulares que tiveram leitos contratados pelo Estado para fazer parte da rede. Essa \u00e9 a trinca que comp\u00f5e os leitos de UTIs no estado\u201d, explicou durante entrevista coletiva \u00e0 imprensa nesta noite.<\/p>\n<p>Para ampliar o n\u00famero de leitos, ser\u00e1 inaugurado na pr\u00f3xima sexta-feira (15) o Hospital Metropolitano, localizado na Cidade Universit\u00e1ria, que, a princ\u00edpio, receber\u00e1 apenas os casos de Covid-19, com 130 leitos enfermaria e mais 30 leitos de UTI.<\/p>\n<p>Considerando o total de leitos, incluindo os leitos cl\u00ednicos, a ocupa\u00e7\u00e3o \u00e9 de 61%.<\/p>\n<p>&nbsp;<\/p>\n<p><strong>Fonte: G1\/AL<\/strong><\/p>\n<p>&nbsp;<\/p>\n","protected":false},"excerpt":{"rendered":"<p>A ocupa\u00e7\u00e3o de Unidades de Terapia Intensiva (UTIs) cresce e preocupa autoridades. At\u00e9 as 18 horas desta quarta-feira (13), 72% dos leitos de UTI exclusivos para casos de Covid-19 na rede p\u00fablica de Alagoas estavam ocupados. A informa\u00e7\u00e3o \u00e9 da Secretaria de Estado da Sa\u00fade (Sesau). Na capital, onde est\u00e1 a maioria dos leitos, a &hellip;<\/p>\n","protected":false},"author":1,"featured_media":6342,"comment_status":"open","ping_status":"open","sticky":false,"template":"","format":"standard","meta":{"_jetpack_newsletter_access":"","_jetpack_dont_email_post_to_subs":false,"_jetpack_newsletter_tier_id":0,"_jetpack_memberships_contains_paywalled_content":false,"_jetpack_memberships_contains_paid_content":false,"footnotes":""},"categories":[1],"tags":[],"class_list":["post-6341","post","type-post","status-publish","format-standard","has-post-thumbnail","hentry","category-destaque"],"jetpack_sharing_enabled":true,"jetpack_featured_media_url":"","_links":{"self":[{"href":"https:\/\/www.oparanews.com.br\/index.php\/wp-json\/wp\/v2\/posts\/6341","targetHints":{"allow":["GET"]}}],"collection":[{"href":"https:\/\/www.oparanews.com.br\/index.php\/wp-json\/wp\/v2\/posts"}],"about":[{"href":"https:\/\/www.oparanews.com.br\/index.php\/wp-json\/wp\/v2\/types\/post"}],"author":[{"embeddable":true,"href":"https:\/\/www.oparanews.com.br\/index.php\/wp-json\/wp\/v2\/users\/1"}],"replies":[{"embeddable":true,"href":"https:\/\/www.oparanews.com.br\/index.php\/wp-json\/wp\/v2\/comments?post=6341"}],"version-history":[{"count":0,"href":"https:\/\/www.oparanews.com.br\/index.php\/wp-json\/wp\/v2\/posts\/6341\/revisions"}],"wp:attachment":[{"href":"https:\/\/www.oparanews.com.br\/index.php\/wp-json\/wp\/v2\/media?parent=6341"}],"wp:term":[{"taxonomy":"category","embeddable":true,"href":"https:\/\/www.oparanews.com.br\/index.php\/wp-json\/wp\/v2\/categories?post=6341"},{"taxonomy":"post_tag","embeddable":true,"href":"https:\/\/www.oparanews.com.br\/index.php\/wp-json\/wp\/v2\/tags?post=6341"}],"curies":[{"name":"wp","href":"https:\/\/api.w.org\/{rel}","templated":true}]}}