{"id":6344,"date":"2020-05-14T02:26:30","date_gmt":"2020-05-14T02:26:30","guid":{"rendered":"https:\/\/oparanews.com.br\/?p=6344"},"modified":"2020-05-14T02:26:30","modified_gmt":"2020-05-14T02:26:30","slug":"ex-bbb-marcela-chora-e-desabafa-sobre-sua-vida-apos-o-reality","status":"publish","type":"post","link":"https:\/\/www.oparanews.com.br\/index.php\/2020\/05\/14\/ex-bbb-marcela-chora-e-desabafa-sobre-sua-vida-apos-o-reality\/","title":{"rendered":"Ex-BBB Marcela chora e desabafa sobre sua vida ap\u00f3s o reality"},"content":{"rendered":"<p>A ex-BBB Marcela MCGowan decidiu usar as redes sociais para desabafar com seus seguidores sobre a vida ap\u00f3s o reality show. Nesta desta ter\u00e7a-feira (12), a m\u00e9dica afirmou que foi ao programa para viver uma aventura e que nunca se interessou pela fama.<\/p>\n<p>Marcela tamb\u00e9m confessou que passou por per\u00edodos dif\u00edceis, mas recome\u00e7ou a terapia e agora j\u00e1 se sente melhor. \u201cEu n\u00e3o fui para o BBB para ser uma celebridade. Fui para viver uma aventura. N\u00e3o sabia que o p\u00f3s-BBB era isso\u201c, disse ela.<\/p>\n<p>\u201cDo fundo do meu cora\u00e7\u00e3o, n\u00e3o tinha no\u00e7\u00e3o da dimens\u00e3o que \u00e9 sair de uma casa com tanta gente te conhecendo, com tantas propostas e coisas acontecendo\u201d, afirmou a m\u00e9dica.<\/p>\n<p>Num outro momento, a ex-BBB acrescentou: \u201cEstou chorando de emo\u00e7\u00e3o e felicidade porque foi um dia que entendi que o BBB foi uma b\u00ean\u00e7\u00e3o na minha vida para me dar visibilidade e poder levar o que eu quero para o maior n\u00famero de pessoas\u201d.<\/p>\n<p>Marcela ainda disse que se assustou com as cr\u00edticas e a dimens\u00e3o que o programa tomou: \u201cNo primeiro momento voc\u00ea quer aceitar as publicidades, todo mundo diz que voc\u00ea tem que aproveitar pra se jogar, pra m\u00eddia te conhecer, que essa fama de ex-BBB passa. E tudo isso vem e atormenta, bagun\u00e7a sua cabe\u00e7a. Eu me perdi de mim em algum momento. Me perdi nas cr\u00edticas. Precisei recome\u00e7ar a terapia e me reconectar comigo\u201d.<\/p>\n<p>Sobre a quest\u00e3o do racismo, que foi discutido na temporada, ela disse que pretende estudar mais sobre o assunto e sobre feminismo negro. \u201cQuero estudar outras realidade e qualquer outra coisa que eu tenha sido falha. Para mim, informa\u00e7\u00e3o \u00e9 o que mais empodera a gente\u201d, declarou a m\u00e9dica.<\/p>\n<p>&nbsp;<\/p>\n<p><strong>Fonte: RD1<\/strong><\/p>\n<p>&nbsp;<\/p>\n","protected":false},"excerpt":{"rendered":"<p>A ex-BBB Marcela MCGowan decidiu usar as redes sociais para desabafar com seus seguidores sobre a vida ap\u00f3s o reality show. Nesta desta ter\u00e7a-feira (12), a m\u00e9dica afirmou que foi ao programa para viver uma aventura e que nunca se interessou pela fama. Marcela tamb\u00e9m confessou que passou por per\u00edodos dif\u00edceis, mas recome\u00e7ou a terapia &hellip;<\/p>\n","protected":false},"author":1,"featured_media":6345,"comment_status":"open","ping_status":"open","sticky":false,"template":"","format":"standard","meta":{"_jetpack_newsletter_access":"","_jetpack_dont_email_post_to_subs":false,"_jetpack_newsletter_tier_id":0,"_jetpack_memberships_contains_paywalled_content":false,"_jetpack_memberships_contains_paid_content":false,"footnotes":""},"categories":[1],"tags":[],"class_list":["post-6344","post","type-post","status-publish","format-standard","has-post-thumbnail","hentry","category-destaque"],"jetpack_sharing_enabled":true,"jetpack_featured_media_url":"","_links":{"self":[{"href":"https:\/\/www.oparanews.com.br\/index.php\/wp-json\/wp\/v2\/posts\/6344","targetHints":{"allow":["GET"]}}],"collection":[{"href":"https:\/\/www.oparanews.com.br\/index.php\/wp-json\/wp\/v2\/posts"}],"about":[{"href":"https:\/\/www.oparanews.com.br\/index.php\/wp-json\/wp\/v2\/types\/post"}],"author":[{"embeddable":true,"href":"https:\/\/www.oparanews.com.br\/index.php\/wp-json\/wp\/v2\/users\/1"}],"replies":[{"embeddable":true,"href":"https:\/\/www.oparanews.com.br\/index.php\/wp-json\/wp\/v2\/comments?post=6344"}],"version-history":[{"count":0,"href":"https:\/\/www.oparanews.com.br\/index.php\/wp-json\/wp\/v2\/posts\/6344\/revisions"}],"wp:attachment":[{"href":"https:\/\/www.oparanews.com.br\/index.php\/wp-json\/wp\/v2\/media?parent=6344"}],"wp:term":[{"taxonomy":"category","embeddable":true,"href":"https:\/\/www.oparanews.com.br\/index.php\/wp-json\/wp\/v2\/categories?post=6344"},{"taxonomy":"post_tag","embeddable":true,"href":"https:\/\/www.oparanews.com.br\/index.php\/wp-json\/wp\/v2\/tags?post=6344"}],"curies":[{"name":"wp","href":"https:\/\/api.w.org\/{rel}","templated":true}]}}