{"id":6347,"date":"2020-05-14T02:31:00","date_gmt":"2020-05-14T02:31:00","guid":{"rendered":"https:\/\/oparanews.com.br\/?p=6347"},"modified":"2020-05-14T02:31:00","modified_gmt":"2020-05-14T02:31:00","slug":"totalmente-demais-bate-recorde-e-alavanca-horario-nobre","status":"publish","type":"post","link":"https:\/\/www.oparanews.com.br\/index.php\/2020\/05\/14\/totalmente-demais-bate-recorde-e-alavanca-horario-nobre\/","title":{"rendered":"Totalmente Demais bate recorde e alavanca hor\u00e1rio nobre"},"content":{"rendered":"<p>A Globo alcan\u00e7ou \u00f3timos \u00edndices de audi\u00eancia com Totalmente Demais. A edi\u00e7\u00e3o especial da novela das 19h estrelada por Marina Ruy Barbosa, F\u00e1bio Assun\u00e7\u00e3o e Felipe Simas bateu recorde no cap\u00edtulo de da \u00faltima ter\u00e7a-feira (12).<\/p>\n<p>De acordo com os dados consolidados na Grande S\u00e3o Paulo, a trama escrita pela dupla Rosane Svartman e Paulo Halm registrou 31,7 pontos de m\u00e9dia e foi a terceira maior audi\u00eancia do dia. Os n\u00fameros alcan\u00e7ados ontem e nos dias anteriores s\u00e3o maiores na compara\u00e7\u00e3o com a exibi\u00e7\u00e3o original, entre o final de 2016 e o in\u00edcio e in\u00edcio de 2016.<\/p>\n<p>A audi\u00eancia continuou em alta com Fina Estampa, a atra\u00e7\u00e3o mais vista da emissora carioca ontem. Ao todo, a novela estrelada por Lilia Cabral e Christiane Torloni fechou com 35,5 pontos de m\u00e9dia.<\/p>\n<p>Com \u00cata Mundo Bom!, o Vale a Pena Ver De Novo registrou 19,6 de m\u00e9dia. Longe do sucesso das \u201cirm\u00e3s\u201d, Malha\u00e7\u00e3o \u2013 Viva a Diferen\u00e7a e Novo Mundo ficaram abaixo da meta. Exibida no final da tarde, a novela teen registrou 19 pontos de m\u00e9dia. Logo depois, a hist\u00f3ria de Dom Pedro (Caio Castro) alcan\u00e7ou 20 pontos.<\/p>\n<p>Durante o dia, a Globo foi bem com o Encontro com F\u00e1tima Bernardes (8,2), assim como Sess\u00e3o da Tarde com o filme Mara e o Senhor do Fogo (12,6), a s\u00e9rie Manifest (13,4), Quantico (6,7) e Coruj\u00e3o (4,9).<\/p>\n<p>&nbsp;<\/p>\n<p><strong>Fonte: RD1<\/strong><\/p>\n<p>&nbsp;<\/p>\n","protected":false},"excerpt":{"rendered":"<p>A Globo alcan\u00e7ou \u00f3timos \u00edndices de audi\u00eancia com Totalmente Demais. A edi\u00e7\u00e3o especial da novela das 19h estrelada por Marina Ruy Barbosa, F\u00e1bio Assun\u00e7\u00e3o e Felipe Simas bateu recorde no cap\u00edtulo de da \u00faltima ter\u00e7a-feira (12). De acordo com os dados consolidados na Grande S\u00e3o Paulo, a trama escrita pela dupla Rosane Svartman e Paulo &hellip;<\/p>\n","protected":false},"author":1,"featured_media":6348,"comment_status":"open","ping_status":"open","sticky":false,"template":"","format":"standard","meta":{"_jetpack_newsletter_access":"","_jetpack_dont_email_post_to_subs":false,"_jetpack_newsletter_tier_id":0,"_jetpack_memberships_contains_paywalled_content":false,"_jetpack_memberships_contains_paid_content":false,"footnotes":""},"categories":[1],"tags":[],"class_list":["post-6347","post","type-post","status-publish","format-standard","has-post-thumbnail","hentry","category-destaque"],"jetpack_sharing_enabled":true,"jetpack_featured_media_url":"","_links":{"self":[{"href":"https:\/\/www.oparanews.com.br\/index.php\/wp-json\/wp\/v2\/posts\/6347","targetHints":{"allow":["GET"]}}],"collection":[{"href":"https:\/\/www.oparanews.com.br\/index.php\/wp-json\/wp\/v2\/posts"}],"about":[{"href":"https:\/\/www.oparanews.com.br\/index.php\/wp-json\/wp\/v2\/types\/post"}],"author":[{"embeddable":true,"href":"https:\/\/www.oparanews.com.br\/index.php\/wp-json\/wp\/v2\/users\/1"}],"replies":[{"embeddable":true,"href":"https:\/\/www.oparanews.com.br\/index.php\/wp-json\/wp\/v2\/comments?post=6347"}],"version-history":[{"count":0,"href":"https:\/\/www.oparanews.com.br\/index.php\/wp-json\/wp\/v2\/posts\/6347\/revisions"}],"wp:attachment":[{"href":"https:\/\/www.oparanews.com.br\/index.php\/wp-json\/wp\/v2\/media?parent=6347"}],"wp:term":[{"taxonomy":"category","embeddable":true,"href":"https:\/\/www.oparanews.com.br\/index.php\/wp-json\/wp\/v2\/categories?post=6347"},{"taxonomy":"post_tag","embeddable":true,"href":"https:\/\/www.oparanews.com.br\/index.php\/wp-json\/wp\/v2\/tags?post=6347"}],"curies":[{"name":"wp","href":"https:\/\/api.w.org\/{rel}","templated":true}]}}