{"id":6368,"date":"2020-05-15T00:59:24","date_gmt":"2020-05-15T00:59:24","guid":{"rendered":"https:\/\/oparanews.com.br\/?p=6368"},"modified":"2020-05-15T00:59:24","modified_gmt":"2020-05-15T00:59:24","slug":"vereador-por-penedo-edivaldo-santos-se-recupera-da-covid-19","status":"publish","type":"post","link":"https:\/\/www.oparanews.com.br\/index.php\/2020\/05\/15\/vereador-por-penedo-edivaldo-santos-se-recupera-da-covid-19\/","title":{"rendered":"Vereador por Penedo Edivaldo Santos se recupera da Covid-19"},"content":{"rendered":"<p>O vereador por Penedo Edivaldo Santos anunciou atrav\u00e9s das redes sociais que est\u00e1 recuperado da Covid-19.<\/p>\n<p>Edivaldo recebeu a not\u00edcia que estava com o novo Coronav\u00edrus no dia 30 de Abril. Ap\u00f3s 14 dias de isolamento ele est\u00e1 sem sintomas e de volta ao conv\u00edvio social em Penedo.<\/p>\n<p>Confira abaixo o v\u00eddeo em que Edivaldo anuncia que est\u00e1 curado.<\/p>\n<p>https:\/\/www.instagram.com\/p\/CALoEgbFx2q\/?utm_source=ig_web_copy_link<\/p>\n<p><strong>por Reda\u00e7\u00e3o<\/strong><\/p>\n<p>&nbsp;<\/p>\n","protected":false},"excerpt":{"rendered":"<p>O vereador por Penedo Edivaldo Santos anunciou atrav\u00e9s das redes sociais que est\u00e1 recuperado da Covid-19. Edivaldo recebeu a not\u00edcia que estava com o novo Coronav\u00edrus no dia 30 de Abril. Ap\u00f3s 14 dias de isolamento ele est\u00e1 sem sintomas e de volta ao conv\u00edvio social em Penedo. Confira abaixo o v\u00eddeo em que Edivaldo &hellip;<\/p>\n","protected":false},"author":1,"featured_media":6369,"comment_status":"open","ping_status":"open","sticky":false,"template":"","format":"standard","meta":{"_jetpack_newsletter_access":"","_jetpack_dont_email_post_to_subs":false,"_jetpack_newsletter_tier_id":0,"_jetpack_memberships_contains_paywalled_content":false,"_jetpack_memberships_contains_paid_content":false,"footnotes":""},"categories":[1],"tags":[],"class_list":["post-6368","post","type-post","status-publish","format-standard","has-post-thumbnail","hentry","category-destaque"],"jetpack_sharing_enabled":true,"jetpack_featured_media_url":"","_links":{"self":[{"href":"https:\/\/www.oparanews.com.br\/index.php\/wp-json\/wp\/v2\/posts\/6368","targetHints":{"allow":["GET"]}}],"collection":[{"href":"https:\/\/www.oparanews.com.br\/index.php\/wp-json\/wp\/v2\/posts"}],"about":[{"href":"https:\/\/www.oparanews.com.br\/index.php\/wp-json\/wp\/v2\/types\/post"}],"author":[{"embeddable":true,"href":"https:\/\/www.oparanews.com.br\/index.php\/wp-json\/wp\/v2\/users\/1"}],"replies":[{"embeddable":true,"href":"https:\/\/www.oparanews.com.br\/index.php\/wp-json\/wp\/v2\/comments?post=6368"}],"version-history":[{"count":0,"href":"https:\/\/www.oparanews.com.br\/index.php\/wp-json\/wp\/v2\/posts\/6368\/revisions"}],"wp:attachment":[{"href":"https:\/\/www.oparanews.com.br\/index.php\/wp-json\/wp\/v2\/media?parent=6368"}],"wp:term":[{"taxonomy":"category","embeddable":true,"href":"https:\/\/www.oparanews.com.br\/index.php\/wp-json\/wp\/v2\/categories?post=6368"},{"taxonomy":"post_tag","embeddable":true,"href":"https:\/\/www.oparanews.com.br\/index.php\/wp-json\/wp\/v2\/tags?post=6368"}],"curies":[{"name":"wp","href":"https:\/\/api.w.org\/{rel}","templated":true}]}}