{"id":6385,"date":"2020-05-16T01:11:35","date_gmt":"2020-05-16T01:11:35","guid":{"rendered":"https:\/\/oparanews.com.br\/?p=6385"},"modified":"2020-05-16T01:11:35","modified_gmt":"2020-05-16T01:11:35","slug":"demissao-de-teich-e-a-11a-troca-em-14-meses-de-governo-bolsonaro","status":"publish","type":"post","link":"https:\/\/www.oparanews.com.br\/index.php\/2020\/05\/16\/demissao-de-teich-e-a-11a-troca-em-14-meses-de-governo-bolsonaro\/","title":{"rendered":"Demiss\u00e3o de Teich \u00e9 a 11\u00aa troca em 14 meses de governo Bolsonaro"},"content":{"rendered":"<p>Ap\u00f3s deixar o comando do Minist\u00e9rio da Sa\u00fade, nesta sexta-feira (15), Nelson Teich se torna o 9\u00ba ministro a deixar o primeiro escal\u00e3o de Jair Bolsonaro. Nos \u00faltimos dias, ele e Bolsonaro discordaram de temas como uso da cloroquina e medidas de isolamento.<\/p>\n<p>Em nota, o minist\u00e9rio informou que ele pediu demiss\u00e3o, menos de um m\u00eas ap\u00f3s assumir o cargo. Apesar de a nota oficial dizer que ele pediu demiss\u00e3o, assessores do minist\u00e9rio disseram que o ministro foi demitido.<\/p>\n<p>Essa \u00e9 a segunda sa\u00edda de um ministro da Sa\u00fade em meio \u00e0 pandemia do coronav\u00edrus por discord\u00e2ncias com o presidente. Teich substituiu Luiz Henrique Mandetta, que foi demitido em abril.<\/p>\n<p>Com a sa\u00edda de Teich, Bolsonaro chega \u00e0 11\u00aa mudan\u00e7a em minist\u00e9rios em pouco mais de 14 meses de governo.<\/p>\n<p>Al\u00e9m dos 9 que deixaram o 1\u00ba escal\u00e3o, dois mudaram de pasta: Onyx Lorenzoni saiu da Casa Civil e foi para a Cidadania; e Andr\u00e9 Luiz Mendon\u00e7a deixou a Advocacia-Geral da Uni\u00e3o para assumir o Minist\u00e9rio da Justi\u00e7a depois da sa\u00edda de Moro.<\/p>\n<p>Dois ex-ministros tamb\u00e9m permaneceram no governo: Floriano Peixoto saiu da Secretaria Geral e foi para a presid\u00eancia dos Correios; e Gustavo Canuto deixou o Desenvolvimento Regional e foi para a presid\u00eancia da Dataprev.<\/p>\n<p>Veja, abaixo, outros nomes que deixaram o 1\u00ba escal\u00e3o do governo Bolsonaro, e quando:<\/p>\n<p>24 de abril &#8211; Sergio Moro (Justi\u00e7a e Seguran\u00e7a P\u00fablica)<\/p>\n<p>S\u00e9rgio Moro pediu demiss\u00e3o do cargo no Minist\u00e9rio da Justi\u00e7a e da Seguran\u00e7a P\u00fablica no dia 24 de abril, acusando o presidente de tentar interferir nos trabalhos da Pol\u00edcia Federal. O advogado Andr\u00e9 Luiz Mendon\u00e7a assumiu a pasta.<\/p>\n<p>16 de abril &#8211; Henrique Mandetta (Sa\u00fade)<\/p>\n<p>Luiz Henrique Mandetta foi demitido do Minist\u00e9rio da Sa\u00fade em 16 de abril. Assim como Teich, Mandetta teve diverg\u00eancias p\u00fablicas com o presidente sobre isolamento social durante a crise do coronav\u00edrus.<\/p>\n<p>13 de fevereiro &#8211; Osmar Terra (Cidadania)<\/p>\n<p>O ministro Osmar Terra saiu da pasta da Cidadania em fevereiro. Ele foi substitu\u00eddo por Onyx Lorenzoni, at\u00e9 ent\u00e3o ministro da Casa Civil. O desgaste de Terra na pasta teve in\u00edcio no ano passado, quando Bolsonaro decidiu transferir a Secretaria Especial da Cultura para o Minist\u00e9rio do Turismo em meio \u00e0 uma crise na pasta.<\/p>\n<p>6 de fevereiro &#8211; Gustavo Canuto (Desenvolvimento Regional)<\/p>\n<p>O ministro Gustavo Canuto foi exonerado do Desenvolvimento Regional em fevereiro, mas foi realocado para a presid\u00eancia do Dataprev. Canuto foi substitu\u00eddo por Rog\u00e9rio Marinho, secret\u00e1rio Especial do Trabalho e da Previd\u00eancia.<\/p>\n<p>21 de junho de 2019 &#8211; General Floriano Peixoto (Secretaria-Geral da Presid\u00eancia)<\/p>\n<p>O general Floriano Peixoto Vieira Neto saiu da Secretaria-Geral da Presid\u00eancia em junho e foi nomeado presidente dos Correios. Jorge Ant\u00f4nio de Oliveira Francisco, advogado, major da reserva da PM e subchefe de Assuntos Jur\u00eddicos da Casa Civil, assumiu o cargo.<\/p>\n<p>13 de junho de 2019 &#8211; Carlos Alberto dos Santos Cruz (Secretaria de Governo)<\/p>\n<p>O general Carlos Alberto dos Santos Cruz, da Secretaria de Governo, foi demitido em junho. A sa\u00edda do ministro foi a primeira baixa de militar no governo Bolsonaro. Ele foi substitu\u00eddo pelo general Luiz Eduardo Ramos Baptista Pereira, comandante militar do Sudeste.<\/p>\n<p>8 de abril de 2019 &#8211; Ricardo Vel\u00e9z (Educa\u00e7\u00e3o)<\/p>\n<p>Ministro da Educa\u00e7\u00e3o, Ricardo Vel\u00e9z Rodriguez foi demitido em 8 de abril. Vel\u00e9z enfrentava uma &#8220;guerra&#8221; no Minist\u00e9rio da Educa\u00e7\u00e3o provocada por desentendimentos entre assessores. Foi substitu\u00eddo por Abraham Weintraub.<\/p>\n<p>18 de fevereiro de 2019 &#8211; Gustavo Bebianno (Secretaria-Geral da Presid\u00eancia)<\/p>\n<p>Ent\u00e3o ministro da Secretaria-Geral da Presid\u00eancia da Rep\u00fablica, Gustavo Bebianno foi demitido em 18 de fevereiro, ap\u00f3s sete semanas no cargo. Bolsonaro atribui a sa\u00edda do ministro a &#8220;incompreens\u00f5es e quest\u00f5es mal entendidas de parte a parte&#8221;. Foi substitu\u00eddo pelo general da reserva Floriano Peixoto Neto. Bebbiano morreu de infarto em mar\u00e7o deste ano.<\/p>\n<p>&nbsp;<\/p>\n<p><strong>com G1<\/strong><\/p>\n<p>&nbsp;<\/p>\n","protected":false},"excerpt":{"rendered":"<p>Ap\u00f3s deixar o comando do Minist\u00e9rio da Sa\u00fade, nesta sexta-feira (15), Nelson Teich se torna o 9\u00ba ministro a deixar o primeiro escal\u00e3o de Jair Bolsonaro. Nos \u00faltimos dias, ele e Bolsonaro discordaram de temas como uso da cloroquina e medidas de isolamento. Em nota, o minist\u00e9rio informou que ele pediu demiss\u00e3o, menos de um &hellip;<\/p>\n","protected":false},"author":1,"featured_media":6386,"comment_status":"open","ping_status":"open","sticky":false,"template":"","format":"standard","meta":{"_jetpack_newsletter_access":"","_jetpack_dont_email_post_to_subs":false,"_jetpack_newsletter_tier_id":0,"_jetpack_memberships_contains_paywalled_content":false,"_jetpack_memberships_contains_paid_content":false,"footnotes":""},"categories":[1],"tags":[],"class_list":["post-6385","post","type-post","status-publish","format-standard","has-post-thumbnail","hentry","category-destaque"],"jetpack_sharing_enabled":true,"jetpack_featured_media_url":"","_links":{"self":[{"href":"https:\/\/www.oparanews.com.br\/index.php\/wp-json\/wp\/v2\/posts\/6385","targetHints":{"allow":["GET"]}}],"collection":[{"href":"https:\/\/www.oparanews.com.br\/index.php\/wp-json\/wp\/v2\/posts"}],"about":[{"href":"https:\/\/www.oparanews.com.br\/index.php\/wp-json\/wp\/v2\/types\/post"}],"author":[{"embeddable":true,"href":"https:\/\/www.oparanews.com.br\/index.php\/wp-json\/wp\/v2\/users\/1"}],"replies":[{"embeddable":true,"href":"https:\/\/www.oparanews.com.br\/index.php\/wp-json\/wp\/v2\/comments?post=6385"}],"version-history":[{"count":0,"href":"https:\/\/www.oparanews.com.br\/index.php\/wp-json\/wp\/v2\/posts\/6385\/revisions"}],"wp:attachment":[{"href":"https:\/\/www.oparanews.com.br\/index.php\/wp-json\/wp\/v2\/media?parent=6385"}],"wp:term":[{"taxonomy":"category","embeddable":true,"href":"https:\/\/www.oparanews.com.br\/index.php\/wp-json\/wp\/v2\/categories?post=6385"},{"taxonomy":"post_tag","embeddable":true,"href":"https:\/\/www.oparanews.com.br\/index.php\/wp-json\/wp\/v2\/tags?post=6385"}],"curies":[{"name":"wp","href":"https:\/\/api.w.org\/{rel}","templated":true}]}}