{"id":6394,"date":"2020-05-16T01:45:12","date_gmt":"2020-05-16T01:45:12","guid":{"rendered":"https:\/\/oparanews.com.br\/?p=6394"},"modified":"2020-05-16T01:45:12","modified_gmt":"2020-05-16T01:45:12","slug":"aeronave-que-caiu-com-gd-fazia-taxi-aereo-ilegal-diz-anac","status":"publish","type":"post","link":"https:\/\/www.oparanews.com.br\/index.php\/2020\/05\/16\/aeronave-que-caiu-com-gd-fazia-taxi-aereo-ilegal-diz-anac\/","title":{"rendered":"Aeronave que caiu com GD fazia t\u00e1xi a\u00e9reo ilegal, diz ANAC"},"content":{"rendered":"<p>Em nota enviada \u00e0 imprensa nesta sexta-feira (15), a Ag\u00eancia Nacional de Avia\u00e7\u00e3o Civil (ANAC) concluiu que a aeronave de matr\u00edcula PT-KLO, que caiu e resultou na morte do cantor Gabriel Diniz e mais dois pilotos, em maio de 2019, fazia t\u00e1xi a\u00e9reo ilegal.<\/p>\n<p>O comunicado ainda explica que, com a conclus\u00e3o do processo administrativo para constatar o Transporte A\u00e9reo Clandestino (TACA) e outras irregularidades, o Aeroclube de Alagoas foi autuado. Cinco autos de infra\u00e7\u00e3o, que atualmente est\u00e3o em julgamento, foram emitidos. Um of\u00edcio com os resultados das investiga\u00e7\u00f5es foi enviado \u00e0 Pol\u00edcia Federal de Alagoas.<\/p>\n<p>Segundo a nota, a aeronave estava registrada dentro da categoria &#8220;instru\u00e7\u00e3o&#8221;, tornando proibida a presta\u00e7\u00e3o de servi\u00e7o fora da finalidade estabelecida &#8211; incluindo o transporte de pessoas remunerado.<\/p>\n<p>Anteriormente, logo ap\u00f3s o acidente, a Anac havia suspendido as atividades do Aeroclube de Alagoas. No entanto, dois meses depois, a informa\u00e7\u00e3o de que a decis\u00e3o tinha sido revogada foi divulgada nas redes sociais.<\/p>\n<p>As investiga\u00e7\u00f5es foram conduzidas pelo Segundo Servi\u00e7o Regional de Investiga\u00e7\u00e3o e Preven\u00e7\u00e3o de Acidentes Aeron\u00e1uticos (SERIPA II), de Pernambuco (PE), \u00f3rg\u00e3o regional do Centro de Investiga\u00e7\u00e3o e Preven\u00e7\u00e3o de Acidentes Aeron\u00e1uticos (CENIPA), do Comando da Aeron\u00e1utica.<\/p>\n<p><strong>Relembre o acidente<\/strong><\/p>\n<p>Aos 28 anos, o cantor Gabriel Diniz morreu ap\u00f3s a queda de uma aeronave de pequeno porte, no povoado Porto do Mato, localizado na cidade de Est\u00e2ncia, no estado de Sergipe. No acidente, que aconteceu em maio de 2019, os pilotos Linaldo Xavier e Abra\u00e3o Farias tamb\u00e9m morreram.<\/p>\n<p>Na \u00e9poca, o artista havia realizado um show em Feira de Santana, na Bahia, e tinha utilizado o transporte para comemorar o anivers\u00e1rio da namorada, Caroline Calheiros, em Macei\u00f3.<\/p>\n<p>Equipes da Pol\u00edcia Militar e do Corpo de Bombeiros foram acionadas pela popula\u00e7\u00e3o e estiveram na cena para socorrer os feridos da \u00e1rea de mangue. Segundo a corpora\u00e7\u00e3o, os corpos estavam dentro da aeronave e apresentavam diversas escoria\u00e7\u00f5es.<\/p>\n<p>Al\u00e9m do passaporte de Gabriel Diniz, que foi encontrado no local do acidente, as v\u00edtimas foram reconhecidas por familiares.<\/p>\n<p><strong>Gabriel Diniz<\/strong><\/p>\n<p>O cantor Gabriel Diniz, de apenas 28 anos, nasceu em Campo Grande, no estado do Mato Grosso do Sul. Ele era conhecido pelo jeito divertido e as m\u00fasicas animadas, mesclando forr\u00f3 e sertanejo.<\/p>\n<p>O Artista iniciou a carreira atrav\u00e9s de uma banda com os amigos da escola, mas somente ficou famoso nacionalmente em 2018, quando lan\u00e7ou o hit &#8220;Jenifer&#8221;. A m\u00fasica chegou ao topo das paradas de sucesso de todo o Brasil.<\/p>\n<p>Outros trabalhos famosos de Gabriel foram &#8220;Paraquedas&#8221;, com Jorge e Mateus, e &#8220;Acabou, acabou&#8221;, com Wesley Safad\u00e3o.<\/p>\n<p>&nbsp;<\/p>\n<p><strong>Fonte: Gazetaweb<\/strong><\/p>\n<p>&nbsp;<\/p>\n","protected":false},"excerpt":{"rendered":"<p>Em nota enviada \u00e0 imprensa nesta sexta-feira (15), a Ag\u00eancia Nacional de Avia\u00e7\u00e3o Civil (ANAC) concluiu que a aeronave de matr\u00edcula PT-KLO, que caiu e resultou na morte do cantor Gabriel Diniz e mais dois pilotos, em maio de 2019, fazia t\u00e1xi a\u00e9reo ilegal. O comunicado ainda explica que, com a conclus\u00e3o do processo administrativo &hellip;<\/p>\n","protected":false},"author":1,"featured_media":6395,"comment_status":"open","ping_status":"open","sticky":false,"template":"","format":"standard","meta":{"_jetpack_newsletter_access":"","_jetpack_dont_email_post_to_subs":false,"_jetpack_newsletter_tier_id":0,"_jetpack_memberships_contains_paywalled_content":false,"_jetpack_memberships_contains_paid_content":false,"footnotes":""},"categories":[1],"tags":[],"class_list":["post-6394","post","type-post","status-publish","format-standard","has-post-thumbnail","hentry","category-destaque"],"jetpack_sharing_enabled":true,"jetpack_featured_media_url":"","_links":{"self":[{"href":"https:\/\/www.oparanews.com.br\/index.php\/wp-json\/wp\/v2\/posts\/6394","targetHints":{"allow":["GET"]}}],"collection":[{"href":"https:\/\/www.oparanews.com.br\/index.php\/wp-json\/wp\/v2\/posts"}],"about":[{"href":"https:\/\/www.oparanews.com.br\/index.php\/wp-json\/wp\/v2\/types\/post"}],"author":[{"embeddable":true,"href":"https:\/\/www.oparanews.com.br\/index.php\/wp-json\/wp\/v2\/users\/1"}],"replies":[{"embeddable":true,"href":"https:\/\/www.oparanews.com.br\/index.php\/wp-json\/wp\/v2\/comments?post=6394"}],"version-history":[{"count":0,"href":"https:\/\/www.oparanews.com.br\/index.php\/wp-json\/wp\/v2\/posts\/6394\/revisions"}],"wp:attachment":[{"href":"https:\/\/www.oparanews.com.br\/index.php\/wp-json\/wp\/v2\/media?parent=6394"}],"wp:term":[{"taxonomy":"category","embeddable":true,"href":"https:\/\/www.oparanews.com.br\/index.php\/wp-json\/wp\/v2\/categories?post=6394"},{"taxonomy":"post_tag","embeddable":true,"href":"https:\/\/www.oparanews.com.br\/index.php\/wp-json\/wp\/v2\/tags?post=6394"}],"curies":[{"name":"wp","href":"https:\/\/api.w.org\/{rel}","templated":true}]}}