{"id":6397,"date":"2020-05-16T01:46:36","date_gmt":"2020-05-16T01:46:36","guid":{"rendered":"https:\/\/oparanews.com.br\/?p=6397"},"modified":"2020-05-16T01:46:36","modified_gmt":"2020-05-16T01:46:36","slug":"boletim-covid-19-de-penedo-registra-mais-um-caso-de-paciente-recuperado","status":"publish","type":"post","link":"https:\/\/www.oparanews.com.br\/index.php\/2020\/05\/16\/boletim-covid-19-de-penedo-registra-mais-um-caso-de-paciente-recuperado\/","title":{"rendered":"Boletim Covid-19 de Penedo registra mais um caso de paciente recuperado"},"content":{"rendered":"<p>O boletim epidemiol\u00f3gico Covid-19 divulgado pela Secretaria Municipal de Sa\u00fade (SEMS) da Prefeitura de Penedo apresenta uma boa not\u00edcia. De ontem para hoje (sexta-feira, 15), mais um paciente est\u00e1 recuperado do cont\u00e1gio por coronav\u00edrus.<\/p>\n<p>Agora, s\u00e3o tr\u00eas pessoas recuperadas em Penedo, munic\u00edpio que mant\u00e9m o n\u00famero de 52 pessoas monitoradas pela SEMS, 24 casos descartados, dois suspeitos, dois \u00f3bitos e sete casos confirmados.<\/p>\n<p>A t\u00edtulo de esclarecimento, o protocolo da pandemia prev\u00ea que o n\u00famero de casos confirmados n\u00e3o \u00e9 reduzido. Sendo assim, a evolu\u00e7\u00e3o do paciente diagnosticado como confirmado, para a recupera\u00e7\u00e3o ou para o \u00f3bito, n\u00e3o apaga a notifica\u00e7\u00e3o de confirma\u00e7\u00e3o da Covid-19.<\/p>\n<p><strong>Boletim da Sesau<\/strong><\/p>\n<p>Enquanto o panorama das \u00faltimas 24 horas \u00e9 praticamente o mesmo em Penedo, com acr\u00e9scimo de um paciente recuperado, o quadro em Alagoas se agrava.<\/p>\n<p>De acordo com o boletim epidemiol\u00f3gico da Secretaria de Estado da Sa\u00fade (Sesau), mais dez mortes foram registradas de ontem para hoje. O n\u00famero de \u00f3bitos passou de 177 para 187.<\/p>\n<p>O levantamento de todos os munic\u00edpios alagoanos aponta ainda o crescimento de casos confirmados, de 2.972 para mais de tr\u00eas mil (3.212); e de casos considerados suspeitos (1.528 para 1.634).<\/p>\n<p>O alento \u00e9 que tamb\u00e9m h\u00e1 mais pacientes recuperados da Covid-19. Nas \u00faltimas 24 horas, a estat\u00edstica passou de 1.844 para 1.966.<\/p>\n<p>&nbsp;<\/p>\n<p><strong>por Fernando Vin\u00edcius \u2013 Decom PMP<\/strong><\/p>\n<p>&nbsp;<\/p>\n","protected":false},"excerpt":{"rendered":"<p>O boletim epidemiol\u00f3gico Covid-19 divulgado pela Secretaria Municipal de Sa\u00fade (SEMS) da Prefeitura de Penedo apresenta uma boa not\u00edcia. De ontem para hoje (sexta-feira, 15), mais um paciente est\u00e1 recuperado do cont\u00e1gio por coronav\u00edrus. Agora, s\u00e3o tr\u00eas pessoas recuperadas em Penedo, munic\u00edpio que mant\u00e9m o n\u00famero de 52 pessoas monitoradas pela SEMS, 24 casos descartados, &hellip;<\/p>\n","protected":false},"author":1,"featured_media":6398,"comment_status":"open","ping_status":"open","sticky":false,"template":"","format":"standard","meta":{"_jetpack_newsletter_access":"","_jetpack_dont_email_post_to_subs":false,"_jetpack_newsletter_tier_id":0,"_jetpack_memberships_contains_paywalled_content":false,"_jetpack_memberships_contains_paid_content":false,"footnotes":""},"categories":[1],"tags":[],"class_list":["post-6397","post","type-post","status-publish","format-standard","has-post-thumbnail","hentry","category-destaque"],"jetpack_sharing_enabled":true,"jetpack_featured_media_url":"","_links":{"self":[{"href":"https:\/\/www.oparanews.com.br\/index.php\/wp-json\/wp\/v2\/posts\/6397","targetHints":{"allow":["GET"]}}],"collection":[{"href":"https:\/\/www.oparanews.com.br\/index.php\/wp-json\/wp\/v2\/posts"}],"about":[{"href":"https:\/\/www.oparanews.com.br\/index.php\/wp-json\/wp\/v2\/types\/post"}],"author":[{"embeddable":true,"href":"https:\/\/www.oparanews.com.br\/index.php\/wp-json\/wp\/v2\/users\/1"}],"replies":[{"embeddable":true,"href":"https:\/\/www.oparanews.com.br\/index.php\/wp-json\/wp\/v2\/comments?post=6397"}],"version-history":[{"count":0,"href":"https:\/\/www.oparanews.com.br\/index.php\/wp-json\/wp\/v2\/posts\/6397\/revisions"}],"wp:attachment":[{"href":"https:\/\/www.oparanews.com.br\/index.php\/wp-json\/wp\/v2\/media?parent=6397"}],"wp:term":[{"taxonomy":"category","embeddable":true,"href":"https:\/\/www.oparanews.com.br\/index.php\/wp-json\/wp\/v2\/categories?post=6397"},{"taxonomy":"post_tag","embeddable":true,"href":"https:\/\/www.oparanews.com.br\/index.php\/wp-json\/wp\/v2\/tags?post=6397"}],"curies":[{"name":"wp","href":"https:\/\/api.w.org\/{rel}","templated":true}]}}