{"id":6409,"date":"2020-05-17T00:58:55","date_gmt":"2020-05-17T00:58:55","guid":{"rendered":"https:\/\/oparanews.com.br\/?p=6409"},"modified":"2020-05-17T00:58:55","modified_gmt":"2020-05-17T00:58:55","slug":"enem-2020-ja-tem-3-milhoes-de-inscritos","status":"publish","type":"post","link":"https:\/\/www.oparanews.com.br\/index.php\/2020\/05\/17\/enem-2020-ja-tem-3-milhoes-de-inscritos\/","title":{"rendered":"Enem 2020 j\u00e1 tem 3 milh\u00f5es de inscritos"},"content":{"rendered":"<p>O Exame Nacional do Ensino M\u00e9dio (Enem) 2020 j\u00e1 alcan\u00e7ou 3 milh\u00f5es de inscri\u00e7\u00f5es at\u00e9 essa sexta-feira (15), segundo balan\u00e7o divulgado pelo Instituto Nacional de Estudos e Pesquisas Educacionais An\u00edsio Teixeira (Inep). Estudantes podem se inscrever, por meio da p\u00e1gina do Enem na internet at\u00e9 o dia 22 de maio.<\/p>\n<p>A vers\u00e3o digital das provas tem 99,6 mil inscritos, e as vagas para essa modalidade do exame est\u00e3o praticamente esgotadas (das 101,1 mil disponibilizadas). J\u00e1 o Enem impresso recebeu 2,9 milh\u00f5es de inscri\u00e7\u00f5es desde a abertura do sistema, \u00e0s 10h da segunda-feira (11).<\/p>\n<p>O participante que optar por fazer o Enem impresso n\u00e3o poder\u00e1 se inscrever na edi\u00e7\u00e3o digital e, ap\u00f3s concluir o processo, n\u00e3o poder\u00e1 alterar sua op\u00e7\u00e3o. As provas impressas ser\u00e3o aplicadas em 1\u00ba e 8 de novembro e as digitais est\u00e3o previstas para os dias 22 e 29 de novembro.<\/p>\n<p>A estrutura dos dois exames ser\u00e1 a mesma. Ser\u00e3o aplicadas quatro provas objetivas, constitu\u00eddas por 45 quest\u00f5es cada, e uma reda\u00e7\u00e3o em l\u00edngua portuguesa. A reda\u00e7\u00e3o ser\u00e1 manuscrita, em papel, nas duas modalidades. Durante o processo de inscri\u00e7\u00e3o, o participante dever\u00e1 selecionar uma op\u00e7\u00e3o de l\u00edngua estrangeira &#8211; ingl\u00eas ou espanhol.<\/p>\n<p>Neste ano, ser\u00e1 obrigat\u00f3ria a inclus\u00e3o de uma foto atual do participante no sistema de inscri\u00e7\u00e3o, que dever\u00e1 ser utilizada para procedimento de identifica\u00e7\u00e3o no momento da prova. O valor da taxa de inscri\u00e7\u00e3o \u00e9 de R$ 85 e dever\u00e1 ser pago at\u00e9 28 de maio.<\/p>\n<p>Quem tem direito \u00e0 gratuidade da taxa de inscri\u00e7\u00e3o, por se enquadrar nos perfis previstos nos editais do Enem, ter\u00e1 a isen\u00e7\u00e3o autom\u00e1tica, a partir da an\u00e1lise dos dados declarados no sistema. A regra se aplica, inclusive, aos isentos em 2019 que faltaram aos dois dias de prova e n\u00e3o tenham justificado aus\u00eancia. De acordo com o Inep, a medida beneficia quem teve dificuldades em realizar a solicita\u00e7\u00e3o de isen\u00e7\u00e3o, devido \u00e0s restri\u00e7\u00f5es impostas pelo isolamento social decretado em raz\u00e3o da pandemia de covid-19.<\/p>\n<p><strong>Acessibilidade<\/strong><\/p>\n<p>O prazo para efetuar a inscri\u00e7\u00e3o e solicitar atendimento especializado \u00e9 o mesmo, at\u00e9 22 de maio. Para facilitar a compreens\u00e3o no momento da inscri\u00e7\u00e3o, os atendimentos espec\u00edficos (gestantes, lactantes, idosos e estudantes em classe hospitalar) foram inclu\u00eddos na denomina\u00e7\u00e3o &#8220;especializado&#8221;. Quem teve a solicita\u00e7\u00e3o deferida nas edi\u00e7\u00f5es de 2017, 2018 e 2019 n\u00e3o precisa apresentar nova documenta\u00e7\u00e3o, desde que se trate do mesmo pedido.<\/p>\n<p>Os resultados ser\u00e3o publicados na P\u00e1gina do Participante em 29 de maio. Para os pedidos que forem negados, est\u00e1 prevista uma fase para apresenta\u00e7\u00e3o de recursos. O resultado final estar\u00e1 dispon\u00edvel no dia 10 de junho.<\/p>\n<p>Os pedidos de tratamento por nome social ser\u00e3o feitos entre 25 e 29 de maio, com previs\u00e3o de divulga\u00e7\u00e3o dos resultados em 5 de junho. O per\u00edodo para apresenta\u00e7\u00e3o de recursos ser\u00e1 entre 8 e 12 de junho e a disponibiliza\u00e7\u00e3o dos resultados finais em 18 de junho.<\/p>\n<p>O ministro da Educa\u00e7\u00e3o, Abraham Weintraub, comentou, em seu Twitter, o n\u00famero de inscri\u00e7\u00f5es no Enem.<\/p>\n<p>&nbsp;<\/p>\n<p><strong>Fonte: Ag\u00eancia Brasil<\/strong><\/p>\n<p>&nbsp;<\/p>\n","protected":false},"excerpt":{"rendered":"<p>O Exame Nacional do Ensino M\u00e9dio (Enem) 2020 j\u00e1 alcan\u00e7ou 3 milh\u00f5es de inscri\u00e7\u00f5es at\u00e9 essa sexta-feira (15), segundo balan\u00e7o divulgado pelo Instituto Nacional de Estudos e Pesquisas Educacionais An\u00edsio Teixeira (Inep). Estudantes podem se inscrever, por meio da p\u00e1gina do Enem na internet at\u00e9 o dia 22 de maio. A vers\u00e3o digital das provas &hellip;<\/p>\n","protected":false},"author":1,"featured_media":6410,"comment_status":"open","ping_status":"open","sticky":false,"template":"","format":"standard","meta":{"_jetpack_newsletter_access":"","_jetpack_dont_email_post_to_subs":false,"_jetpack_newsletter_tier_id":0,"_jetpack_memberships_contains_paywalled_content":false,"_jetpack_memberships_contains_paid_content":false,"footnotes":""},"categories":[1],"tags":[],"class_list":["post-6409","post","type-post","status-publish","format-standard","has-post-thumbnail","hentry","category-destaque"],"jetpack_sharing_enabled":true,"jetpack_featured_media_url":"","_links":{"self":[{"href":"https:\/\/www.oparanews.com.br\/index.php\/wp-json\/wp\/v2\/posts\/6409","targetHints":{"allow":["GET"]}}],"collection":[{"href":"https:\/\/www.oparanews.com.br\/index.php\/wp-json\/wp\/v2\/posts"}],"about":[{"href":"https:\/\/www.oparanews.com.br\/index.php\/wp-json\/wp\/v2\/types\/post"}],"author":[{"embeddable":true,"href":"https:\/\/www.oparanews.com.br\/index.php\/wp-json\/wp\/v2\/users\/1"}],"replies":[{"embeddable":true,"href":"https:\/\/www.oparanews.com.br\/index.php\/wp-json\/wp\/v2\/comments?post=6409"}],"version-history":[{"count":0,"href":"https:\/\/www.oparanews.com.br\/index.php\/wp-json\/wp\/v2\/posts\/6409\/revisions"}],"wp:attachment":[{"href":"https:\/\/www.oparanews.com.br\/index.php\/wp-json\/wp\/v2\/media?parent=6409"}],"wp:term":[{"taxonomy":"category","embeddable":true,"href":"https:\/\/www.oparanews.com.br\/index.php\/wp-json\/wp\/v2\/categories?post=6409"},{"taxonomy":"post_tag","embeddable":true,"href":"https:\/\/www.oparanews.com.br\/index.php\/wp-json\/wp\/v2\/tags?post=6409"}],"curies":[{"name":"wp","href":"https:\/\/api.w.org\/{rel}","templated":true}]}}