{"id":6415,"date":"2020-05-17T01:11:17","date_gmt":"2020-05-17T01:11:17","guid":{"rendered":"https:\/\/oparanews.com.br\/?p=6415"},"modified":"2020-05-17T01:11:17","modified_gmt":"2020-05-17T01:11:17","slug":"luan-santana-recua-e-fara-live-em-casa-na-globo","status":"publish","type":"post","link":"https:\/\/www.oparanews.com.br\/index.php\/2020\/05\/17\/luan-santana-recua-e-fara-live-em-casa-na-globo\/","title":{"rendered":"Luan Santana recua e far\u00e1 live em casa na Globo"},"content":{"rendered":"<p>A Globo confirmou na sexta-feira (15) que vai exibir a live do cantor Luan Santana, que ser\u00e1 realizada em 13 de junho. Tal qual aconteceu com Ivete Sangalo, Alok e Roberto Carlos, a transmiss\u00e3o ser\u00e1 multiplataforma, unindo o canal aberto, Multishow, Globoplay e as redes sociais do artista.<\/p>\n<p>O tempo de exibi\u00e7\u00e3o na TV aberta ser\u00e1 maior. O p\u00fablico da Globo poder\u00e1 acompanhar a primeira hora do espet\u00e1culo, de um total de tr\u00eas que est\u00e3o previstas. Somente Roberto Carlos, em sua segunda live, teve um privil\u00e9gio semelhante.<\/p>\n<p>O show ter\u00e1 in\u00edcio \u00e0s 22h30, ap\u00f3s Fina Estampa.<\/p>\n<p><strong>Live de Luan Santana dividiu opini\u00f5es<\/strong><\/p>\n<p>Nas redes sociais, a live de Luan Santana dividiu opini\u00f5es. A ideia inicial era de que a apresenta\u00e7\u00e3o, mesmo sem p\u00fablico, fosse realizada no est\u00e1dio do Palmeiras. Mas houve cr\u00edticas ao exagero na megaestrutura para uma apresenta\u00e7\u00e3o sem p\u00fablico. Al\u00e9m disso, existia o temor de aglomera\u00e7\u00e3o nos arredores do est\u00e1dio.<\/p>\n<p>Diante da repercuss\u00e3o, Globo e equipe do cantor recuaram. A mudan\u00e7a foi confirmada nas redes sociais. O perfil da emissora postou a seguinte mensagem: \u201cBatemos um papo e decidimos que o Dia dos Namorados merece aquele clima mais intimista, n\u00e9? Ent\u00e3o \u00e9 o seguinte: a live vai ser #EmCasa, pra gente curtir com quem a gente gosta por perto\u201d.<\/p>\n<p>O cantor tamb\u00e9m se posicionou sobre a mudan\u00e7a. \u201cPensei melhor, discutimos juntos e mudamos de ideia. Mesmo que a gente estivesse tomando todas as medidas de cautela e que, realizar a apresenta\u00e7\u00e3o num est\u00e1dio vazio, fosse uma delas. Agora, vamos curtir juntos, em casa, ao lado de quem a gente ama\u201d, explicou Luan Santana, que promete mais de tr\u00eas horas de m\u00fasica boa.<\/p>\n<p><strong>Para aquecer os cora\u00e7\u00f5es<\/strong><\/p>\n<p>No repert\u00f3rio, as can\u00e7\u00f5es rom\u00e2nticas devem dar o tom. Afinal de contas, a justificativa oficial da exibi\u00e7\u00e3o \u00e9 celebrar o Dia dos Namorados. No Brasil, a data \u00e9 comemorada em 12 de junho.<\/p>\n<p><strong>Presen\u00e7a frequente<\/strong><\/p>\n<p>Sempre \u00e9 bom ressaltar que Luan Santana sempre teve as portas abertas na Globo. O cantor \u00e9 presen\u00e7a frequente em programas da emissora. Comandou as duas primeiras temporadas do S\u00f3 Toca Top ao lado de Fernanda Souza, al\u00e9m de quase ter estrelado seu pr\u00f3prio especial de fim de amo. Seu espet\u00e1culo, Viva, est\u00e1 dispon\u00edvel na \u00edntegra para assinantes do Globoplay.<\/p>\n<p><strong>Conversa em casa<\/strong><\/p>\n<p>Para a reestreia do Conversa com Bial, Pedro Bial conversa com Gl\u00f3ria Maria. Eles apresentaram o Fant\u00e1stico juntos por uma d\u00e9cada. Al\u00e9m de recordar hist\u00f3rias daquela \u00e9poca, a jornalista fala, pela primeira vez, sobre a cirurgia que se submeteu para a retirada de um tumor no c\u00e9rebro.<\/p>\n<p>No decorrer da temporada, tamb\u00e9m est\u00e3o previstas participa\u00e7\u00f5es de Anitta, Paulo Gustavo, Daniel Filho e Bruno &amp; Marrone.<\/p>\n<p><strong>Quarentena Global<\/strong><\/p>\n<p>Em nossa \u00faltima coluna, n\u00f3s abordamos a situa\u00e7\u00e3o de registro do Se Joga. Ainda em consulta no site do Instituto Nacional de Propriedade Intelectual (INPI), a Globo requereu o registro de diversos termos relacionados com a pandemia. S\u00e3o eles: Quarentena e Lock Down.<\/p>\n<p>&nbsp;<\/p>\n<p><strong>Fonte: RD1<\/strong><\/p>\n<p>&nbsp;<\/p>\n","protected":false},"excerpt":{"rendered":"<p>A Globo confirmou na sexta-feira (15) que vai exibir a live do cantor Luan Santana, que ser\u00e1 realizada em 13 de junho. Tal qual aconteceu com Ivete Sangalo, Alok e Roberto Carlos, a transmiss\u00e3o ser\u00e1 multiplataforma, unindo o canal aberto, Multishow, Globoplay e as redes sociais do artista. O tempo de exibi\u00e7\u00e3o na TV aberta &hellip;<\/p>\n","protected":false},"author":1,"featured_media":6416,"comment_status":"open","ping_status":"open","sticky":false,"template":"","format":"standard","meta":{"_jetpack_newsletter_access":"","_jetpack_dont_email_post_to_subs":false,"_jetpack_newsletter_tier_id":0,"_jetpack_memberships_contains_paywalled_content":false,"_jetpack_memberships_contains_paid_content":false,"footnotes":""},"categories":[1],"tags":[],"class_list":["post-6415","post","type-post","status-publish","format-standard","has-post-thumbnail","hentry","category-destaque"],"jetpack_sharing_enabled":true,"jetpack_featured_media_url":"","_links":{"self":[{"href":"https:\/\/www.oparanews.com.br\/index.php\/wp-json\/wp\/v2\/posts\/6415","targetHints":{"allow":["GET"]}}],"collection":[{"href":"https:\/\/www.oparanews.com.br\/index.php\/wp-json\/wp\/v2\/posts"}],"about":[{"href":"https:\/\/www.oparanews.com.br\/index.php\/wp-json\/wp\/v2\/types\/post"}],"author":[{"embeddable":true,"href":"https:\/\/www.oparanews.com.br\/index.php\/wp-json\/wp\/v2\/users\/1"}],"replies":[{"embeddable":true,"href":"https:\/\/www.oparanews.com.br\/index.php\/wp-json\/wp\/v2\/comments?post=6415"}],"version-history":[{"count":0,"href":"https:\/\/www.oparanews.com.br\/index.php\/wp-json\/wp\/v2\/posts\/6415\/revisions"}],"wp:attachment":[{"href":"https:\/\/www.oparanews.com.br\/index.php\/wp-json\/wp\/v2\/media?parent=6415"}],"wp:term":[{"taxonomy":"category","embeddable":true,"href":"https:\/\/www.oparanews.com.br\/index.php\/wp-json\/wp\/v2\/categories?post=6415"},{"taxonomy":"post_tag","embeddable":true,"href":"https:\/\/www.oparanews.com.br\/index.php\/wp-json\/wp\/v2\/tags?post=6415"}],"curies":[{"name":"wp","href":"https:\/\/api.w.org\/{rel}","templated":true}]}}