{"id":6418,"date":"2020-05-17T01:12:46","date_gmt":"2020-05-17T01:12:46","guid":{"rendered":"https:\/\/oparanews.com.br\/?p=6418"},"modified":"2020-05-17T01:12:46","modified_gmt":"2020-05-17T01:12:46","slug":"governo-exonera-braco-direito-de-regina-duarte-na-cultura","status":"publish","type":"post","link":"https:\/\/www.oparanews.com.br\/index.php\/2020\/05\/17\/governo-exonera-braco-direito-de-regina-duarte-na-cultura\/","title":{"rendered":"Governo exonera &#8216;bra\u00e7o direito&#8217; de Regina Duarte na Cultura"},"content":{"rendered":"<p>O governo federal exonerou o secret\u00e1rio especial adjunto Pedro Jos\u00e9 Vilar Godoy Horta. A medida foi publicada nesta sexta-feira (15\/05) em edi\u00e7\u00e3o extra do Di\u00e1rio Oficial da Uni\u00e3o. Ele era o bra\u00e7o direito de Regina Duarte, secretaria Especial de Cultura.<\/p>\n<p>A demiss\u00e3o foi assinada pelo ministro-chefe da Casa Civil, Walter Braga Netto. N\u00e3o foi indicado nenhum substituto para o posto.<\/p>\n<p>Horta foi um dos primeiros nomeados pela atriz depois de ela assumir o cargo, em mar\u00e7o, tendo sido primeiramente nomeado chefe de gabinete dela. No fim de abril, ele assumiu o cargo de secret\u00e1rio especial adjunto.<\/p>\n<p>Ele era respons\u00e1vel, entre outras coisas, pela coordena\u00e7\u00e3o das reuni\u00f5es de trabalho da atriz na secretaria.<\/p>\n<p>A exonera\u00e7\u00e3o ocorre em meio a cr\u00edticas da classe art\u00edstica \u00e0 gest\u00e3o de Regina Duarte na secretaria. Na quinta-feira da semana passada, em entrevista \u00e0 CNN, a secret\u00e1ria minimizou as mortes do per\u00edodo da ditadura militar e tamb\u00e9m as mortes pela covid-19.<\/p>\n<p>As declara\u00e7\u00f5es da secret\u00e1ria foram alvo de rep\u00fadio do meio cultural. Mais de 500 personalidades assinaram um manifesto criticando as falas da atriz durante a entrevista.<\/p>\n<p><strong>Fonte: Terra<\/strong><\/p>\n<p>&nbsp;<\/p>\n","protected":false},"excerpt":{"rendered":"<p>O governo federal exonerou o secret\u00e1rio especial adjunto Pedro Jos\u00e9 Vilar Godoy Horta. A medida foi publicada nesta sexta-feira (15\/05) em edi\u00e7\u00e3o extra do Di\u00e1rio Oficial da Uni\u00e3o. Ele era o bra\u00e7o direito de Regina Duarte, secretaria Especial de Cultura. A demiss\u00e3o foi assinada pelo ministro-chefe da Casa Civil, Walter Braga Netto. N\u00e3o foi indicado &hellip;<\/p>\n","protected":false},"author":1,"featured_media":6419,"comment_status":"open","ping_status":"open","sticky":false,"template":"","format":"standard","meta":{"_jetpack_newsletter_access":"","_jetpack_dont_email_post_to_subs":false,"_jetpack_newsletter_tier_id":0,"_jetpack_memberships_contains_paywalled_content":false,"_jetpack_memberships_contains_paid_content":false,"footnotes":""},"categories":[1],"tags":[],"class_list":["post-6418","post","type-post","status-publish","format-standard","has-post-thumbnail","hentry","category-destaque"],"jetpack_sharing_enabled":true,"jetpack_featured_media_url":"","_links":{"self":[{"href":"https:\/\/www.oparanews.com.br\/index.php\/wp-json\/wp\/v2\/posts\/6418","targetHints":{"allow":["GET"]}}],"collection":[{"href":"https:\/\/www.oparanews.com.br\/index.php\/wp-json\/wp\/v2\/posts"}],"about":[{"href":"https:\/\/www.oparanews.com.br\/index.php\/wp-json\/wp\/v2\/types\/post"}],"author":[{"embeddable":true,"href":"https:\/\/www.oparanews.com.br\/index.php\/wp-json\/wp\/v2\/users\/1"}],"replies":[{"embeddable":true,"href":"https:\/\/www.oparanews.com.br\/index.php\/wp-json\/wp\/v2\/comments?post=6418"}],"version-history":[{"count":0,"href":"https:\/\/www.oparanews.com.br\/index.php\/wp-json\/wp\/v2\/posts\/6418\/revisions"}],"wp:attachment":[{"href":"https:\/\/www.oparanews.com.br\/index.php\/wp-json\/wp\/v2\/media?parent=6418"}],"wp:term":[{"taxonomy":"category","embeddable":true,"href":"https:\/\/www.oparanews.com.br\/index.php\/wp-json\/wp\/v2\/categories?post=6418"},{"taxonomy":"post_tag","embeddable":true,"href":"https:\/\/www.oparanews.com.br\/index.php\/wp-json\/wp\/v2\/tags?post=6418"}],"curies":[{"name":"wp","href":"https:\/\/api.w.org\/{rel}","templated":true}]}}