{"id":6421,"date":"2020-05-17T01:14:51","date_gmt":"2020-05-17T01:14:51","guid":{"rendered":"https:\/\/oparanews.com.br\/?p=6421"},"modified":"2020-05-17T01:14:51","modified_gmt":"2020-05-17T01:14:51","slug":"isolamento-social-e-a-chave-para-achatar-a-curva-em-alagoas","status":"publish","type":"post","link":"https:\/\/www.oparanews.com.br\/index.php\/2020\/05\/17\/isolamento-social-e-a-chave-para-achatar-a-curva-em-alagoas\/","title":{"rendered":"Isolamento social \u00e9 a chave para achatar a curva em Alagoas"},"content":{"rendered":"<p>Em v\u00eddeo publicado recentemente, o professor de f\u00edsica Francisco Rego Filho, do Instituto Federal de Alagoas (Ifal), faz uma an\u00e1lise sobre o aumento dos casos da Covid-19 em Alagoas por meio de gr\u00e1ficos em diferentes escalas, que t\u00eam sido utilizados em v\u00e1rias partes do Brasil e do mundo, para identifica\u00e7\u00e3o do est\u00e1gio em que a pandemia se encontra no momento.<\/p>\n<p>Na primeira escala, linear, o professor avalia o total de dias pelo total de casos confirmados no per\u00edodo entre 1\u00ba de mar\u00e7o e 9 de maio, observando inicialmente um crescimento lento seguido por uma explos\u00e3o no n\u00famero de casos, t\u00edpico de um crescimento exponencial, segundo ele. \u201cAqui em Alagoas a gente percebe que inicialmente ele cresce numa certa taxa, mas no final j\u00e1 d\u00e1 uma diferenciada no crescimento, o que pode ser in\u00edcio de uma segunda fase\u201d, explica. Confira o v\u00eddeo aqui.<\/p>\n<p><iframe loading=\"lazy\" title=\"Professor de F\u00edsica analisa dados do coronav\u00edrus em Alagoas e faz alerta sobre isolamento social\" width=\"500\" height=\"281\" src=\"https:\/\/www.youtube.com\/embed\/qwGRwBFbLyk?feature=oembed\" frameborder=\"0\" allow=\"accelerometer; autoplay; clipboard-write; encrypted-media; gyroscope; picture-in-picture; web-share\" referrerpolicy=\"strict-origin-when-cross-origin\" allowfullscreen><\/iframe><\/p>\n<p>J\u00e1 na segunda escala, de modelo algor\u00edtmico, que segundo o especialista explica melhor os crescimentos exponenciais, verifica-se uma mudan\u00e7a no comportamento da reta a partir do dia 2 de maio, em que a inclina\u00e7\u00e3o diminui. De acordo com o f\u00edsico, esse \u00e9 um ind\u00edcio de que a curva em Alagoas est\u00e1 come\u00e7ando a achatar uma vez que ela est\u00e1 crescendo numa taxa um pouco diferente.<\/p>\n<p>\u201cIsso \u00e9 uma \u00f3tima not\u00edcia porque significa que nosso isolamento social est\u00e1 surtindo efeito. A gente agora tem que intensificar ainda mais o isolamento social, porque quanto mais forte for nosso isolamento, mais forte \u00e9 como se fosse o \u2018p\u00e9 no freio\u2019 dessa curva. Ent\u00e3o significa que ela vai achatar ainda mais r\u00e1pido e a gente vai sair ainda mais r\u00e1pido dessa. Fiquem em casa, cuidem de si e cuidem dos outros, para que a gente se veja o quanto antes\u201d, alertou o professor.<\/p>\n<p>&nbsp;<\/p>\n<p><strong>Fonte: Ag\u00eancia Alagoas<\/strong><\/p>\n<p>&nbsp;<\/p>\n","protected":false},"excerpt":{"rendered":"<p>Em v\u00eddeo publicado recentemente, o professor de f\u00edsica Francisco Rego Filho, do Instituto Federal de Alagoas (Ifal), faz uma an\u00e1lise sobre o aumento dos casos da Covid-19 em Alagoas por meio de gr\u00e1ficos em diferentes escalas, que t\u00eam sido utilizados em v\u00e1rias partes do Brasil e do mundo, para identifica\u00e7\u00e3o do est\u00e1gio em que a &hellip;<\/p>\n","protected":false},"author":1,"featured_media":6422,"comment_status":"open","ping_status":"open","sticky":false,"template":"","format":"standard","meta":{"_jetpack_newsletter_access":"","_jetpack_dont_email_post_to_subs":false,"_jetpack_newsletter_tier_id":0,"_jetpack_memberships_contains_paywalled_content":false,"_jetpack_memberships_contains_paid_content":false,"footnotes":""},"categories":[1],"tags":[],"class_list":["post-6421","post","type-post","status-publish","format-standard","has-post-thumbnail","hentry","category-destaque"],"jetpack_sharing_enabled":true,"jetpack_featured_media_url":"","_links":{"self":[{"href":"https:\/\/www.oparanews.com.br\/index.php\/wp-json\/wp\/v2\/posts\/6421","targetHints":{"allow":["GET"]}}],"collection":[{"href":"https:\/\/www.oparanews.com.br\/index.php\/wp-json\/wp\/v2\/posts"}],"about":[{"href":"https:\/\/www.oparanews.com.br\/index.php\/wp-json\/wp\/v2\/types\/post"}],"author":[{"embeddable":true,"href":"https:\/\/www.oparanews.com.br\/index.php\/wp-json\/wp\/v2\/users\/1"}],"replies":[{"embeddable":true,"href":"https:\/\/www.oparanews.com.br\/index.php\/wp-json\/wp\/v2\/comments?post=6421"}],"version-history":[{"count":0,"href":"https:\/\/www.oparanews.com.br\/index.php\/wp-json\/wp\/v2\/posts\/6421\/revisions"}],"wp:attachment":[{"href":"https:\/\/www.oparanews.com.br\/index.php\/wp-json\/wp\/v2\/media?parent=6421"}],"wp:term":[{"taxonomy":"category","embeddable":true,"href":"https:\/\/www.oparanews.com.br\/index.php\/wp-json\/wp\/v2\/categories?post=6421"},{"taxonomy":"post_tag","embeddable":true,"href":"https:\/\/www.oparanews.com.br\/index.php\/wp-json\/wp\/v2\/tags?post=6421"}],"curies":[{"name":"wp","href":"https:\/\/api.w.org\/{rel}","templated":true}]}}