{"id":6424,"date":"2020-05-17T01:22:43","date_gmt":"2020-05-17T01:22:43","guid":{"rendered":"https:\/\/oparanews.com.br\/?p=6424"},"modified":"2020-05-17T01:22:43","modified_gmt":"2020-05-17T01:22:43","slug":"holyfield-confirma-negociacoes-para-terceira-luta-com-tyson","status":"publish","type":"post","link":"https:\/\/www.oparanews.com.br\/index.php\/2020\/05\/17\/holyfield-confirma-negociacoes-para-terceira-luta-com-tyson\/","title":{"rendered":"Holyfield confirma negocia\u00e7\u00f5es para terceira luta com Tyson"},"content":{"rendered":"<p>Evander Holyfield revelou, neste s\u00e1bado, que est\u00e1 em negocia\u00e7\u00e3o para uma terceira luta com Mike Tyson. Segundo \u201cThe Real Deal\u201d, a ideia \u00e9 ter uma duelo de tr\u00eas ou quatro rounds, mas n\u00e3o descarta que as conversas tornem o compromisso mais s\u00e9rio.<\/p>\n<p>\u201cMeu pessoal est\u00e1 conversando com o dele. Se sair acordo, acho legal. Eu estava fazendo uma coisa e Mike, outra. Acho que podemos nos unir e fazer algo bacana\u201d, afirmou o ex-campe\u00e3o mundial, de 57 anos. Tyson tem 53.<\/p>\n<p>Um cartaz publicado na internet aponta o duelo para 11 de julho, na Ar\u00e1bia Saudita. Nenhum dos dois se pronunciou sobre esta possibilidade.<\/p>\n<p>Tyson e Holyfield lutaram duas vezes. Em 1996, Holyfield recuperou o cintur\u00e3o mundial dos pesos pesados ao vencer no 11.\u00ba assalto. Em 1997, o confronto durou apenas tr\u00eas rounds, quando Tyson foi desclassificado pelo juiz Mills Lane, ap\u00f3s morder as orelhas de Holyfield.<\/p>\n<p>Tyson lutou pela \u00faltima vez em 11 de junho de 2005, quando perdeu por pontos para Kevin McBride, na sexta derrota de uma carreira com 50 vit\u00f3rias, sendo 44 por nocaute, al\u00e9m de dois combates sem resultado. Holyfield n\u00e3o entra em um ringue desde 7 de maio de 2011, quando nocauteou o noruegu\u00eas Brian Nielsen. No total, soma 44 vit\u00f3rias, sendo 29 por nocaute, dez derrotas, dois empates e uma luta sem resultado \u2013 foram 57 lutas em sua carreira.<\/p>\n<p><strong>Fonte: ISTO \u00c9<\/strong><\/p>\n<p>&nbsp;<\/p>\n","protected":false},"excerpt":{"rendered":"<p>Evander Holyfield revelou, neste s\u00e1bado, que est\u00e1 em negocia\u00e7\u00e3o para uma terceira luta com Mike Tyson. Segundo \u201cThe Real Deal\u201d, a ideia \u00e9 ter uma duelo de tr\u00eas ou quatro rounds, mas n\u00e3o descarta que as conversas tornem o compromisso mais s\u00e9rio. \u201cMeu pessoal est\u00e1 conversando com o dele. Se sair acordo, acho legal. Eu &hellip;<\/p>\n","protected":false},"author":1,"featured_media":6425,"comment_status":"open","ping_status":"open","sticky":false,"template":"","format":"standard","meta":{"_jetpack_newsletter_access":"","_jetpack_dont_email_post_to_subs":false,"_jetpack_newsletter_tier_id":0,"_jetpack_memberships_contains_paywalled_content":false,"_jetpack_memberships_contains_paid_content":false,"footnotes":""},"categories":[1],"tags":[],"class_list":["post-6424","post","type-post","status-publish","format-standard","has-post-thumbnail","hentry","category-destaque"],"jetpack_sharing_enabled":true,"jetpack_featured_media_url":"","_links":{"self":[{"href":"https:\/\/www.oparanews.com.br\/index.php\/wp-json\/wp\/v2\/posts\/6424","targetHints":{"allow":["GET"]}}],"collection":[{"href":"https:\/\/www.oparanews.com.br\/index.php\/wp-json\/wp\/v2\/posts"}],"about":[{"href":"https:\/\/www.oparanews.com.br\/index.php\/wp-json\/wp\/v2\/types\/post"}],"author":[{"embeddable":true,"href":"https:\/\/www.oparanews.com.br\/index.php\/wp-json\/wp\/v2\/users\/1"}],"replies":[{"embeddable":true,"href":"https:\/\/www.oparanews.com.br\/index.php\/wp-json\/wp\/v2\/comments?post=6424"}],"version-history":[{"count":0,"href":"https:\/\/www.oparanews.com.br\/index.php\/wp-json\/wp\/v2\/posts\/6424\/revisions"}],"wp:attachment":[{"href":"https:\/\/www.oparanews.com.br\/index.php\/wp-json\/wp\/v2\/media?parent=6424"}],"wp:term":[{"taxonomy":"category","embeddable":true,"href":"https:\/\/www.oparanews.com.br\/index.php\/wp-json\/wp\/v2\/categories?post=6424"},{"taxonomy":"post_tag","embeddable":true,"href":"https:\/\/www.oparanews.com.br\/index.php\/wp-json\/wp\/v2\/tags?post=6424"}],"curies":[{"name":"wp","href":"https:\/\/api.w.org\/{rel}","templated":true}]}}