{"id":6427,"date":"2020-05-17T01:25:43","date_gmt":"2020-05-17T01:25:43","guid":{"rendered":"https:\/\/oparanews.com.br\/?p=6427"},"modified":"2020-05-17T01:25:43","modified_gmt":"2020-05-17T01:25:43","slug":"sobe-para-11-os-casos-de-covid-19-em-penedo","status":"publish","type":"post","link":"https:\/\/www.oparanews.com.br\/index.php\/2020\/05\/17\/sobe-para-11-os-casos-de-covid-19-em-penedo\/","title":{"rendered":"Sobe para 11 os casos de Covid-19 em Penedo"},"content":{"rendered":"<p>Subiu para 11 o n\u00famero de infectados pelo Covid-19 em Penedo, os n\u00fameros s\u00e3o do Boletim epidemiol\u00f3gico Covid-19 divulgado pela Secretaria Municipal de Sa\u00fade (SMS), deste s\u00e1bado (16), com dados atualizados da Sesau Alagoas, representando uma alta de quatro casos desde o \u00faltimo boletim.<\/p>\n<p>A Prefeitura de Penedo solicita a toda a popula\u00e7\u00e3o que permane\u00e7a em casa, para evitar a prolifera\u00e7\u00e3o do novo Corona V\u00edrus (Covid-19).<\/p>\n<p>J\u00e1 os casos de pacientes recuperados permanecem em tr\u00eas, sendo que o n\u00famero de pacientes monitorados pela SMS, permanecem em 52 pessoas e os casos descartados s\u00e3o 24, com dois suspeitos de terem o novo Corona v\u00edrus.<\/p>\n<p>Com rela\u00e7\u00e3o ao n\u00famero de \u00f3bitos, permeassem em dois casos, ambos na faixa de risco para covid-19.<\/p>\n<p><strong>Alagoas<\/strong><\/p>\n<p>De acordo com o boletim epidemiol\u00f3gico da Secretaria de Estado da Sa\u00fade (Sesau), o \u00famero de \u00f3bitos em todo estado agora \u00e9 199.O levantamento de todos os munic\u00edpios alagoanos aponta ainda o crescimento de casos confirmados para 3593; e de casos considerados suspeitos que agora s\u00e3o 1237.<\/p>\n<p><strong>SOS Covid<\/strong><\/p>\n<p>O SOS Covid-19 \u00e9 um contato da Secretaria Municipal de Sa\u00fade exclusivo pelo Whatsapp (99912-3351), com o objetivo de tirar d\u00favidas da popula\u00e7\u00e3o e receber orienta\u00e7\u00f5es sobre o coronav\u00edrus.<\/p>\n<p>&nbsp;<\/p>\n<p><strong>por Thiago Sobral &#8211; Decom (PMP)<\/strong><\/p>\n<p>&nbsp;<\/p>\n","protected":false},"excerpt":{"rendered":"<p>Subiu para 11 o n\u00famero de infectados pelo Covid-19 em Penedo, os n\u00fameros s\u00e3o do Boletim epidemiol\u00f3gico Covid-19 divulgado pela Secretaria Municipal de Sa\u00fade (SMS), deste s\u00e1bado (16), com dados atualizados da Sesau Alagoas, representando uma alta de quatro casos desde o \u00faltimo boletim. A Prefeitura de Penedo solicita a toda a popula\u00e7\u00e3o que permane\u00e7a &hellip;<\/p>\n","protected":false},"author":1,"featured_media":6428,"comment_status":"open","ping_status":"open","sticky":false,"template":"","format":"standard","meta":{"_jetpack_newsletter_access":"","_jetpack_dont_email_post_to_subs":false,"_jetpack_newsletter_tier_id":0,"_jetpack_memberships_contains_paywalled_content":false,"_jetpack_memberships_contains_paid_content":false,"footnotes":""},"categories":[1],"tags":[],"class_list":["post-6427","post","type-post","status-publish","format-standard","has-post-thumbnail","hentry","category-destaque"],"jetpack_sharing_enabled":true,"jetpack_featured_media_url":"","_links":{"self":[{"href":"https:\/\/www.oparanews.com.br\/index.php\/wp-json\/wp\/v2\/posts\/6427","targetHints":{"allow":["GET"]}}],"collection":[{"href":"https:\/\/www.oparanews.com.br\/index.php\/wp-json\/wp\/v2\/posts"}],"about":[{"href":"https:\/\/www.oparanews.com.br\/index.php\/wp-json\/wp\/v2\/types\/post"}],"author":[{"embeddable":true,"href":"https:\/\/www.oparanews.com.br\/index.php\/wp-json\/wp\/v2\/users\/1"}],"replies":[{"embeddable":true,"href":"https:\/\/www.oparanews.com.br\/index.php\/wp-json\/wp\/v2\/comments?post=6427"}],"version-history":[{"count":0,"href":"https:\/\/www.oparanews.com.br\/index.php\/wp-json\/wp\/v2\/posts\/6427\/revisions"}],"wp:attachment":[{"href":"https:\/\/www.oparanews.com.br\/index.php\/wp-json\/wp\/v2\/media?parent=6427"}],"wp:term":[{"taxonomy":"category","embeddable":true,"href":"https:\/\/www.oparanews.com.br\/index.php\/wp-json\/wp\/v2\/categories?post=6427"},{"taxonomy":"post_tag","embeddable":true,"href":"https:\/\/www.oparanews.com.br\/index.php\/wp-json\/wp\/v2\/tags?post=6427"}],"curies":[{"name":"wp","href":"https:\/\/api.w.org\/{rel}","templated":true}]}}