{"id":6433,"date":"2020-05-17T01:38:10","date_gmt":"2020-05-17T01:38:10","guid":{"rendered":"https:\/\/oparanews.com.br\/?p=6433"},"modified":"2020-05-17T01:38:10","modified_gmt":"2020-05-17T01:38:10","slug":"furo-sobre-bolsonaro-no-jn-consolida-reporter-andreia-sadi","status":"publish","type":"post","link":"https:\/\/www.oparanews.com.br\/index.php\/2020\/05\/17\/furo-sobre-bolsonaro-no-jn-consolida-reporter-andreia-sadi\/","title":{"rendered":"&#8216;Furo&#8217; sobre Bolsonaro no JN consolida rep\u00f3rter Andr\u00e9ia Sadi"},"content":{"rendered":"<p>A principal mat\u00e9ria da edi\u00e7\u00e3o de sexta-feira (15) do &#8216;Jornal Nacional&#8217; apresentou um &#8216;furo&#8217; (informa\u00e7\u00e3o exclusiva no jarg\u00e3o da imprensa) a respeito da vers\u00e3o de Jair Bolsonaro para o que disse na reuni\u00e3o ministerial gravada em v\u00eddeo, alvo de inqu\u00e9rito no STF. O presidente sustenta que pretendia trocar sua seguran\u00e7a pessoal e n\u00e3o o superintendente da Pol\u00edcia Federal no Rio.<\/p>\n<p>A rep\u00f3rter Andr\u00e9ia Sadi apurou que Bolsonaro mudou semanas atr\u00e1s, sem qualquer dificuldade, o comando de sua equipe de seguran\u00e7as e do escrit\u00f3rio carioca do GSI (Gabinete de Seguran\u00e7a Institucional). Aconteceram duas promo\u00e7\u00f5es de cargo, nenhuma demiss\u00e3o ou puni\u00e7\u00e3o. &#8220;Se a queixa de Bolsonaro era quanto a sua seguran\u00e7a, de seus familiares e amigos, essas mudan\u00e7as n\u00e3o fazem sentido&#8221;, disse a jornalista.<\/p>\n<p>Essa revela\u00e7\u00e3o com poss\u00edvel efeito bomb\u00e1stico na investiga\u00e7\u00e3o de suposta tentativa de interfer\u00eancia do presidente na PF ressalta a influ\u00eancia e o prest\u00edgio de Sadi na Globo e GloboNews. Em menos de cinco anos nas duas emissoras, ela se tornou quase onipresente. Faz mat\u00e9rias para os principais telejornais dos dois canais e participa em est\u00fadio de v\u00e1rias atra\u00e7\u00f5es, incluindo o &#8216;Jornal Hoje&#8217; e o &#8216;Est\u00fadio i&#8217;.<\/p>\n<p>Enquanto a mat\u00e9ria era exibida ontem no &#8216;JN&#8217;, a rep\u00f3rter estava ao vivo comentando os principais assuntos do dia no &#8216;Em Pauta&#8217;, da GloboNews. Desde 2019, Sadi tem seu pr\u00f3prio programa de entrevistas, o semanal &#8216;Em Foco&#8217;, temporariamente fora da programa\u00e7\u00e3o por conta da extensa cobertura especial da pandemia de covid-19.<\/p>\n<p>O Sala de TV acompanha a evolu\u00e7\u00e3o de Andr\u00e9ia desde as primeiras apari\u00e7\u00f5es diante das c\u00e2meras. Em post de 21 de julho de 2016, o blog reportou sua estreia na mesa-redonda &#8216;Meninas do J\u00f4&#8217;, do programa de J\u00f4 Soares: &#8220;Rep\u00f3rter revela\u00e7\u00e3o da GloboNews, Andr\u00e9ia Sadi vive ascens\u00e3o mete\u00f3rica na carreira. Um ano depois de come\u00e7ar a trabalhar no canal de not\u00edcias, ela j\u00e1 \u00e9 considerada a jornalista com fontes mais quentes em Bras\u00edlia e agora fez sua estreia na tela da Globo&#8221;.<\/p>\n<p>Um m\u00eas antes, o blog j\u00e1 havia destacado o desempenho da rep\u00f3rter. &#8220;Sadi passou a integrar o time de comentaristas que atuam em esquema de rod\u00edzio no programa Em Pauta, comandado por Sergio Aguiar na faixa das 20h. Habituada com as entradas ao vivo durante a programa\u00e7\u00e3o, a jornalista tira de letra a miss\u00e3o de comentar as not\u00edcias do dia&#8221;, registrou-se na ocasi\u00e3o. Hoje, o Em Pauta \u00e9 ancorado por Marcelo Cosme.<\/p>\n<p>Aos 33 anos, Andr\u00e9ia Sadi se tornou forte candidata a assumir uma bancada de telejornal. Ela re\u00fane requisitos imprescind\u00edveis a um \u00e2ncora de sucesso: a apura\u00e7\u00e3o minuciosa de informa\u00e7\u00f5es, oferecendo exclusividade ao p\u00fablico, e a capacidade de concatena\u00e7\u00e3o r\u00e1pida para comentar com objetividade. Al\u00e9m disso, possui o carisma natural que nenhuma faculdade de Jornalismo consegue ensinar.<\/p>\n<p>&nbsp;<\/p>\n<p><strong>Fonte: Terra<\/strong><\/p>\n<p>&nbsp;<\/p>\n","protected":false},"excerpt":{"rendered":"<p>A principal mat\u00e9ria da edi\u00e7\u00e3o de sexta-feira (15) do &#8216;Jornal Nacional&#8217; apresentou um &#8216;furo&#8217; (informa\u00e7\u00e3o exclusiva no jarg\u00e3o da imprensa) a respeito da vers\u00e3o de Jair Bolsonaro para o que disse na reuni\u00e3o ministerial gravada em v\u00eddeo, alvo de inqu\u00e9rito no STF. O presidente sustenta que pretendia trocar sua seguran\u00e7a pessoal e n\u00e3o o superintendente &hellip;<\/p>\n","protected":false},"author":1,"featured_media":6434,"comment_status":"open","ping_status":"open","sticky":false,"template":"","format":"standard","meta":{"_jetpack_newsletter_access":"","_jetpack_dont_email_post_to_subs":false,"_jetpack_newsletter_tier_id":0,"_jetpack_memberships_contains_paywalled_content":false,"_jetpack_memberships_contains_paid_content":false,"footnotes":""},"categories":[1],"tags":[],"class_list":["post-6433","post","type-post","status-publish","format-standard","has-post-thumbnail","hentry","category-destaque"],"jetpack_sharing_enabled":true,"jetpack_featured_media_url":"","_links":{"self":[{"href":"https:\/\/www.oparanews.com.br\/index.php\/wp-json\/wp\/v2\/posts\/6433","targetHints":{"allow":["GET"]}}],"collection":[{"href":"https:\/\/www.oparanews.com.br\/index.php\/wp-json\/wp\/v2\/posts"}],"about":[{"href":"https:\/\/www.oparanews.com.br\/index.php\/wp-json\/wp\/v2\/types\/post"}],"author":[{"embeddable":true,"href":"https:\/\/www.oparanews.com.br\/index.php\/wp-json\/wp\/v2\/users\/1"}],"replies":[{"embeddable":true,"href":"https:\/\/www.oparanews.com.br\/index.php\/wp-json\/wp\/v2\/comments?post=6433"}],"version-history":[{"count":0,"href":"https:\/\/www.oparanews.com.br\/index.php\/wp-json\/wp\/v2\/posts\/6433\/revisions"}],"wp:attachment":[{"href":"https:\/\/www.oparanews.com.br\/index.php\/wp-json\/wp\/v2\/media?parent=6433"}],"wp:term":[{"taxonomy":"category","embeddable":true,"href":"https:\/\/www.oparanews.com.br\/index.php\/wp-json\/wp\/v2\/categories?post=6433"},{"taxonomy":"post_tag","embeddable":true,"href":"https:\/\/www.oparanews.com.br\/index.php\/wp-json\/wp\/v2\/tags?post=6433"}],"curies":[{"name":"wp","href":"https:\/\/api.w.org\/{rel}","templated":true}]}}