{"id":6439,"date":"2020-05-17T23:52:09","date_gmt":"2020-05-17T23:52:09","guid":{"rendered":"https:\/\/oparanews.com.br\/?p=6439"},"modified":"2020-05-17T23:52:09","modified_gmt":"2020-05-17T23:52:09","slug":"penedo-tem-mais-dois-casos-confirmados-de-contagio-por-covid-19","status":"publish","type":"post","link":"https:\/\/www.oparanews.com.br\/index.php\/2020\/05\/17\/penedo-tem-mais-dois-casos-confirmados-de-contagio-por-covid-19\/","title":{"rendered":"Penedo tem mais dois casos confirmados de cont\u00e1gio por Covid-19"},"content":{"rendered":"<p>Mais duas pessoas residentes em Penedo est\u00e3o contagiadas por coronav\u00edrus. O aumento de 11 para 13 casos, nas \u00faltimas 24 horas, est\u00e1 registrado no boletim epidemiol\u00f3gico deste domingo, 17 de maio.<\/p>\n<p>As demais notifica\u00e7\u00f5es registradas pela Secretaria Municipal de Sa\u00fade (SEMS) permanecem inalteradas, em rela\u00e7\u00e3o ao boletim epidemiol\u00f3gico de ontem (s\u00e1bado, 16).<\/p>\n<p>S\u00e3o 52 casos monitorados, dois suspeitos, 24 descartados, tr\u00eas recuperados e dois \u00f3bitos.<\/p>\n<p><strong>Covid-19<\/strong><\/p>\n<p>Em Alagoas, o boletim divulgado hoje pela Secretaria de Estado da Sa\u00fade (Sesau) aponta que mais de duzentas pessoas (210) foram mortas pelo Covid-19. Casos suspeitos passaram de 3.593 para 3.816.<\/p>\n<p><strong>SOS Covid<\/strong><\/p>\n<p>Quem tiver alguma d\u00favida sobre a pandemia do coronav\u00edrus, pode contactar o SOS Covid-19, servi\u00e7o da SEMS exclusivo pelo Whatsapp (99912-3351) para orientar a popula\u00e7\u00e3o.<\/p>\n<p>&nbsp;<\/p>\n<p><strong>por Fernando Vin\u00edcius \u2013 Decom PMP<\/strong><\/p>\n<p><a href=\"https:\/\/oparanews.com.br\/wp-content\/uploads\/2020\/05\/aaaaaaaaaaaaaaaaaaaaaa-50.jpg\"><img loading=\"lazy\" decoding=\"async\" class=\"alignleft size-medium wp-image-6440\" src=\"https:\/\/oparanews.com.br\/wp-content\/uploads\/2020\/05\/aaaaaaaaaaaaaaaaaaaaaa-50-273x300.jpg\" alt=\"\" width=\"273\" height=\"300\" \/><\/a><\/p>\n<p>&nbsp;<\/p>\n<p>&nbsp;<\/p>\n<p>&nbsp;<\/p>\n<p>&nbsp;<\/p>\n<p>&nbsp;<\/p>\n<p>&nbsp;<\/p>\n<p>&nbsp;<\/p>\n","protected":false},"excerpt":{"rendered":"<p>Mais duas pessoas residentes em Penedo est\u00e3o contagiadas por coronav\u00edrus. O aumento de 11 para 13 casos, nas \u00faltimas 24 horas, est\u00e1 registrado no boletim epidemiol\u00f3gico deste domingo, 17 de maio. As demais notifica\u00e7\u00f5es registradas pela Secretaria Municipal de Sa\u00fade (SEMS) permanecem inalteradas, em rela\u00e7\u00e3o ao boletim epidemiol\u00f3gico de ontem (s\u00e1bado, 16). S\u00e3o 52 casos &hellip;<\/p>\n","protected":false},"author":1,"featured_media":6441,"comment_status":"open","ping_status":"open","sticky":false,"template":"","format":"standard","meta":{"_jetpack_newsletter_access":"","_jetpack_dont_email_post_to_subs":false,"_jetpack_newsletter_tier_id":0,"_jetpack_memberships_contains_paywalled_content":false,"_jetpack_memberships_contains_paid_content":false,"footnotes":""},"categories":[1],"tags":[],"class_list":["post-6439","post","type-post","status-publish","format-standard","has-post-thumbnail","hentry","category-destaque"],"jetpack_sharing_enabled":true,"jetpack_featured_media_url":"","_links":{"self":[{"href":"https:\/\/www.oparanews.com.br\/index.php\/wp-json\/wp\/v2\/posts\/6439","targetHints":{"allow":["GET"]}}],"collection":[{"href":"https:\/\/www.oparanews.com.br\/index.php\/wp-json\/wp\/v2\/posts"}],"about":[{"href":"https:\/\/www.oparanews.com.br\/index.php\/wp-json\/wp\/v2\/types\/post"}],"author":[{"embeddable":true,"href":"https:\/\/www.oparanews.com.br\/index.php\/wp-json\/wp\/v2\/users\/1"}],"replies":[{"embeddable":true,"href":"https:\/\/www.oparanews.com.br\/index.php\/wp-json\/wp\/v2\/comments?post=6439"}],"version-history":[{"count":0,"href":"https:\/\/www.oparanews.com.br\/index.php\/wp-json\/wp\/v2\/posts\/6439\/revisions"}],"wp:attachment":[{"href":"https:\/\/www.oparanews.com.br\/index.php\/wp-json\/wp\/v2\/media?parent=6439"}],"wp:term":[{"taxonomy":"category","embeddable":true,"href":"https:\/\/www.oparanews.com.br\/index.php\/wp-json\/wp\/v2\/categories?post=6439"},{"taxonomy":"post_tag","embeddable":true,"href":"https:\/\/www.oparanews.com.br\/index.php\/wp-json\/wp\/v2\/tags?post=6439"}],"curies":[{"name":"wp","href":"https:\/\/api.w.org\/{rel}","templated":true}]}}