{"id":6452,"date":"2020-05-18T02:34:07","date_gmt":"2020-05-18T02:34:07","guid":{"rendered":"https:\/\/oparanews.com.br\/?p=6452"},"modified":"2020-05-18T02:34:07","modified_gmt":"2020-05-18T02:34:07","slug":"obras-para-a-instalacao-das-utis-em-penedo-estao-a-todo-vapor","status":"publish","type":"post","link":"https:\/\/www.oparanews.com.br\/index.php\/2020\/05\/18\/obras-para-a-instalacao-das-utis-em-penedo-estao-a-todo-vapor\/","title":{"rendered":"Obras para a instala\u00e7\u00e3o das UTIs em Penedo est\u00e3o a todo vapor"},"content":{"rendered":"<p>Um assunto que vem ganhando for\u00e7a em Penedo \u00e9 a instala\u00e7\u00e3o da UTI no munic\u00edpio para com combate ao Covid-19.<\/p>\n<p>Diante do avan\u00e7o do v\u00edrus em Penedo, que hoje est\u00e1 com 13 casos confirmados, nossa reportagem recebeu v\u00e1rias mensagens de internautas querendo saber quando vai iniciar as obras no pr\u00e9dio onde ser\u00e3o instalados os leitos de UTI.<\/p>\n<p>Tivemos a informa\u00e7\u00e3o que as obras de adequa\u00e7\u00e3o no pr\u00e9dio est\u00e3o a todo vapor. E que o mais breve poss\u00edvel ser\u00e1 conclu\u00edda e entregue a comunidade.<\/p>\n<p>A boa not\u00edcia \u00e9 que n\u00e3o somente ser\u00e3o instalados leitos de UTI no pr\u00e9dio, mas tamb\u00e9m leitos cl\u00ednicos de retaguarda para pacientes com covid-19 que apresentem sintomas leves.<\/p>\n<p>&nbsp;<\/p>\n<p><strong>por Reda\u00e7\u00e3o<\/strong><\/p>\n<p>&nbsp;<\/p>\n","protected":false},"excerpt":{"rendered":"<p>Um assunto que vem ganhando for\u00e7a em Penedo \u00e9 a instala\u00e7\u00e3o da UTI no munic\u00edpio para com combate ao Covid-19. Diante do avan\u00e7o do v\u00edrus em Penedo, que hoje est\u00e1 com 13 casos confirmados, nossa reportagem recebeu v\u00e1rias mensagens de internautas querendo saber quando vai iniciar as obras no pr\u00e9dio onde ser\u00e3o instalados os leitos &hellip;<\/p>\n","protected":false},"author":1,"featured_media":6453,"comment_status":"open","ping_status":"open","sticky":false,"template":"","format":"standard","meta":{"_jetpack_newsletter_access":"","_jetpack_dont_email_post_to_subs":false,"_jetpack_newsletter_tier_id":0,"_jetpack_memberships_contains_paywalled_content":false,"_jetpack_memberships_contains_paid_content":false,"footnotes":""},"categories":[1],"tags":[],"class_list":["post-6452","post","type-post","status-publish","format-standard","has-post-thumbnail","hentry","category-destaque"],"jetpack_sharing_enabled":true,"jetpack_featured_media_url":"","_links":{"self":[{"href":"https:\/\/www.oparanews.com.br\/index.php\/wp-json\/wp\/v2\/posts\/6452","targetHints":{"allow":["GET"]}}],"collection":[{"href":"https:\/\/www.oparanews.com.br\/index.php\/wp-json\/wp\/v2\/posts"}],"about":[{"href":"https:\/\/www.oparanews.com.br\/index.php\/wp-json\/wp\/v2\/types\/post"}],"author":[{"embeddable":true,"href":"https:\/\/www.oparanews.com.br\/index.php\/wp-json\/wp\/v2\/users\/1"}],"replies":[{"embeddable":true,"href":"https:\/\/www.oparanews.com.br\/index.php\/wp-json\/wp\/v2\/comments?post=6452"}],"version-history":[{"count":0,"href":"https:\/\/www.oparanews.com.br\/index.php\/wp-json\/wp\/v2\/posts\/6452\/revisions"}],"wp:attachment":[{"href":"https:\/\/www.oparanews.com.br\/index.php\/wp-json\/wp\/v2\/media?parent=6452"}],"wp:term":[{"taxonomy":"category","embeddable":true,"href":"https:\/\/www.oparanews.com.br\/index.php\/wp-json\/wp\/v2\/categories?post=6452"},{"taxonomy":"post_tag","embeddable":true,"href":"https:\/\/www.oparanews.com.br\/index.php\/wp-json\/wp\/v2\/tags?post=6452"}],"curies":[{"name":"wp","href":"https:\/\/api.w.org\/{rel}","templated":true}]}}