{"id":6461,"date":"2020-05-18T02:41:24","date_gmt":"2020-05-18T02:41:24","guid":{"rendered":"https:\/\/oparanews.com.br\/?p=6461"},"modified":"2020-05-18T02:41:24","modified_gmt":"2020-05-18T02:41:24","slug":"luciano-huck-revela-que-o-pai-contraiu-coronavirus","status":"publish","type":"post","link":"https:\/\/www.oparanews.com.br\/index.php\/2020\/05\/18\/luciano-huck-revela-que-o-pai-contraiu-coronavirus\/","title":{"rendered":"Luciano Huck revela que o pai contraiu coronav\u00edrus"},"content":{"rendered":"<p>Luciano Huck revelou que seu pai pegou o novo coronav\u00edrus, conforme contou em entrevista ao jornal carioca O Globo neste domingo (17).Segundo o apresentador, o jurista Marcelo Huck, de 80 anos, contraiu a covid-19, deixando toda sua fam\u00edlia assustada.\u201cMeu pai teve coronav\u00edrus, o que me deixou muito apreensivo, mas j\u00e1 est\u00e1 bem, gra\u00e7as a Deus\u201d, celebrou.<\/p>\n<p>Para enfrentar com bom humor este momento t\u00e3o dif\u00edcil de quarentena, o apresentador Luciano Huck criou um telejornal caseiro em sua casa com a mulher, Ang\u00e9lica, e os filhos, Joaquim, Ben\u00edcio e Eva. O notici\u00e1rio vai ao ar em suas redes sociais.Huck revelou que a atra\u00e7\u00e3o tem cenografia de Eva, trilha de Ben\u00edcio e \u201capoio moral\u201d de Joaquim. Ang\u00e9lica funciona como correspondente interina, ele brincou.<\/p>\n<p>Para o apresentador, o telejornal caseiro \u00e9 uma forma de levar leveza ao p\u00fablico.\u201cA chuva de realidade que a grande m\u00eddia tem por obriga\u00e7\u00e3o noticiar gera medo e ang\u00fastia na popula\u00e7\u00e3o. A tela vira uma janela para um mundo l\u00e1 fora que n\u00e3o est\u00e1 amig\u00e1vel\u201d, pontuou.\u201cJ\u00e1 que tenho uma pot\u00eancia importante nas redes sociais, resolvi fazer esse jornalzinho, um retiro de boas not\u00edcias\u201d, definiu.<\/p>\n<p>&nbsp;<\/p>\n<p><strong>Fonte: O Fuxico<\/strong><\/p>\n<p>&nbsp;<\/p>\n","protected":false},"excerpt":{"rendered":"<p>Luciano Huck revelou que seu pai pegou o novo coronav\u00edrus, conforme contou em entrevista ao jornal carioca O Globo neste domingo (17).Segundo o apresentador, o jurista Marcelo Huck, de 80 anos, contraiu a covid-19, deixando toda sua fam\u00edlia assustada.\u201cMeu pai teve coronav\u00edrus, o que me deixou muito apreensivo, mas j\u00e1 est\u00e1 bem, gra\u00e7as a Deus\u201d, &hellip;<\/p>\n","protected":false},"author":1,"featured_media":6462,"comment_status":"open","ping_status":"open","sticky":false,"template":"","format":"standard","meta":{"_jetpack_newsletter_access":"","_jetpack_dont_email_post_to_subs":false,"_jetpack_newsletter_tier_id":0,"_jetpack_memberships_contains_paywalled_content":false,"_jetpack_memberships_contains_paid_content":false,"footnotes":""},"categories":[1],"tags":[],"class_list":["post-6461","post","type-post","status-publish","format-standard","has-post-thumbnail","hentry","category-destaque"],"jetpack_sharing_enabled":true,"jetpack_featured_media_url":"","_links":{"self":[{"href":"https:\/\/www.oparanews.com.br\/index.php\/wp-json\/wp\/v2\/posts\/6461","targetHints":{"allow":["GET"]}}],"collection":[{"href":"https:\/\/www.oparanews.com.br\/index.php\/wp-json\/wp\/v2\/posts"}],"about":[{"href":"https:\/\/www.oparanews.com.br\/index.php\/wp-json\/wp\/v2\/types\/post"}],"author":[{"embeddable":true,"href":"https:\/\/www.oparanews.com.br\/index.php\/wp-json\/wp\/v2\/users\/1"}],"replies":[{"embeddable":true,"href":"https:\/\/www.oparanews.com.br\/index.php\/wp-json\/wp\/v2\/comments?post=6461"}],"version-history":[{"count":0,"href":"https:\/\/www.oparanews.com.br\/index.php\/wp-json\/wp\/v2\/posts\/6461\/revisions"}],"wp:attachment":[{"href":"https:\/\/www.oparanews.com.br\/index.php\/wp-json\/wp\/v2\/media?parent=6461"}],"wp:term":[{"taxonomy":"category","embeddable":true,"href":"https:\/\/www.oparanews.com.br\/index.php\/wp-json\/wp\/v2\/categories?post=6461"},{"taxonomy":"post_tag","embeddable":true,"href":"https:\/\/www.oparanews.com.br\/index.php\/wp-json\/wp\/v2\/tags?post=6461"}],"curies":[{"name":"wp","href":"https:\/\/api.w.org\/{rel}","templated":true}]}}