{"id":6467,"date":"2020-05-18T02:45:24","date_gmt":"2020-05-18T02:45:24","guid":{"rendered":"https:\/\/oparanews.com.br\/?p=6467"},"modified":"2020-05-18T02:45:24","modified_gmt":"2020-05-18T02:45:24","slug":"governador-do-rio-exonera-secretario-de-saude","status":"publish","type":"post","link":"https:\/\/www.oparanews.com.br\/index.php\/2020\/05\/18\/governador-do-rio-exonera-secretario-de-saude\/","title":{"rendered":"Governador do Rio exonera secret\u00e1rio de Sa\u00fade"},"content":{"rendered":"<p>O governo do estado do Rio de Janeiro informou hoje (17) que o secret\u00e1rio estadual de Sa\u00fade, Edmar Santos, deixar\u00e1 o cargo nesta segunda-feira (18). \u201cEdmar foi exonerado pelo governador Wilson Witzel por falhas na gest\u00e3o de infraestrutura dos hospitais de campanha para atender as v\u00edtimas da Covid-19\u201d, diz o comunicado.<\/p>\n<p>Segundo a nota, Santos continuar\u00e1 auxiliando o estado e vai dirigir uma comiss\u00e3o de not\u00e1veis no enfrentamento \u00e0 pandemia do coronav\u00edrus.<\/p>\n<p>O novo titular da pasta ser\u00e1 o atual diretor-geral do Hospital Universit\u00e1rio Gaffr\u00e9e e Guinle, Fernando Ferry. Cl\u00ednico-geral e especialista em aids, Fernando Ferry foi professor associado de Cl\u00ednica M\u00e9dica e Aids da Universidade Federal do Estado do Rio de Janeiro (UniRio). Ele \u00e9 graduado em medicina pela Universidade Federal do Estado do Rio de Janeiro (UFRJ).<\/p>\n<p>O novo secret\u00e1rio tamb\u00e9m \u00e9 graduado em Medicina Veterin\u00e1ria e T\u00e9cnica Agropecu\u00e1ria pela Universidade Federal Rural do Rio de Janeiro (UFRRJ). Ele \u00e9 doutor e mestre em Parasitologia Veterin\u00e1ria tamb\u00e9m pela UFRRJ.<\/p>\n<p><strong>Fonte: ISTO\u00c9<\/strong><\/p>\n<p>&nbsp;<\/p>\n","protected":false},"excerpt":{"rendered":"<p>O governo do estado do Rio de Janeiro informou hoje (17) que o secret\u00e1rio estadual de Sa\u00fade, Edmar Santos, deixar\u00e1 o cargo nesta segunda-feira (18). \u201cEdmar foi exonerado pelo governador Wilson Witzel por falhas na gest\u00e3o de infraestrutura dos hospitais de campanha para atender as v\u00edtimas da Covid-19\u201d, diz o comunicado. Segundo a nota, Santos &hellip;<\/p>\n","protected":false},"author":1,"featured_media":6468,"comment_status":"open","ping_status":"open","sticky":false,"template":"","format":"standard","meta":{"_jetpack_newsletter_access":"","_jetpack_dont_email_post_to_subs":false,"_jetpack_newsletter_tier_id":0,"_jetpack_memberships_contains_paywalled_content":false,"_jetpack_memberships_contains_paid_content":false,"footnotes":""},"categories":[1],"tags":[],"class_list":["post-6467","post","type-post","status-publish","format-standard","has-post-thumbnail","hentry","category-destaque"],"jetpack_sharing_enabled":true,"jetpack_featured_media_url":"","_links":{"self":[{"href":"https:\/\/www.oparanews.com.br\/index.php\/wp-json\/wp\/v2\/posts\/6467","targetHints":{"allow":["GET"]}}],"collection":[{"href":"https:\/\/www.oparanews.com.br\/index.php\/wp-json\/wp\/v2\/posts"}],"about":[{"href":"https:\/\/www.oparanews.com.br\/index.php\/wp-json\/wp\/v2\/types\/post"}],"author":[{"embeddable":true,"href":"https:\/\/www.oparanews.com.br\/index.php\/wp-json\/wp\/v2\/users\/1"}],"replies":[{"embeddable":true,"href":"https:\/\/www.oparanews.com.br\/index.php\/wp-json\/wp\/v2\/comments?post=6467"}],"version-history":[{"count":0,"href":"https:\/\/www.oparanews.com.br\/index.php\/wp-json\/wp\/v2\/posts\/6467\/revisions"}],"wp:attachment":[{"href":"https:\/\/www.oparanews.com.br\/index.php\/wp-json\/wp\/v2\/media?parent=6467"}],"wp:term":[{"taxonomy":"category","embeddable":true,"href":"https:\/\/www.oparanews.com.br\/index.php\/wp-json\/wp\/v2\/categories?post=6467"},{"taxonomy":"post_tag","embeddable":true,"href":"https:\/\/www.oparanews.com.br\/index.php\/wp-json\/wp\/v2\/tags?post=6467"}],"curies":[{"name":"wp","href":"https:\/\/api.w.org\/{rel}","templated":true}]}}