{"id":6470,"date":"2020-05-18T02:47:11","date_gmt":"2020-05-18T02:47:11","guid":{"rendered":"https:\/\/oparanews.com.br\/?p=6470"},"modified":"2020-05-18T02:47:11","modified_gmt":"2020-05-18T02:47:11","slug":"sp-nao-tera-como-evitar-lockdown-dizem-especialistas","status":"publish","type":"post","link":"https:\/\/www.oparanews.com.br\/index.php\/2020\/05\/18\/sp-nao-tera-como-evitar-lockdown-dizem-especialistas\/","title":{"rendered":"SP n\u00e3o ter\u00e1 como evitar &#8216;lockdown&#8217;, dizem especialistas"},"content":{"rendered":"<p>A coletiva do prefeito de S\u00e3o Paulo, Bruno Covas (PSDB), realizada na manh\u00e3 deste domingo, 17, foi cercada pela expectativa de um poss\u00edvel an\u00fancio de lockdown na cidade de S\u00e3o Paulo para conter o avan\u00e7o do novo coronav\u00edrus. N\u00e3o foi o que aconteceu. O prefeito deixou claro que a decis\u00e3o pelo fechamento total deve partir do governo do Estado, referindo-se, em diversos momentos, \u00e0 falta de condi\u00e7\u00f5es para que a cidade, sozinha, venha adotar essa medida.<\/p>\n<p>&#8220;\u00c9 uma quest\u00e3o que est\u00e1 sendo debatida dentro do comit\u00ea de Sa\u00fade criado por ele (o governador Jo\u00e3o Doria), do qual inclusive o secret\u00e1rio (municipal de Sa\u00fade) Edson Aparecido faz parte. \u00c9 um tema que estamos debatendo com o governo do estado&#8221;, disse Covas.<\/p>\n<p>O prefeito declarou que o sistema de sa\u00fade da cidade est\u00e1 chegando ao seu limite e que o isolamento n\u00e3o est\u00e1 sendo suficiente, mas disse tamb\u00e9m que \u00e9 imposs\u00edvel a cidade, sozinha, adotar o lockdown. Covas afirmou que &#8220;n\u00e3o tem poder de pol\u00edcia&#8221; e que &#8220;vivemos em uma regi\u00e3o metropolitana&#8221;, com &#8220;mais de 1.700 ruas que come\u00e7am em uma cidade e terminam em outra&#8221;.<\/p>\n<p>Interlocutores pr\u00f3ximos ao prefeito e ao governador Jo\u00e3o Doria (PSDB) enxergaram na fala de Covas uma forma de pressionar o governador para que ele adote o quanto antes essa medida, que est\u00e1 sendo analisada pelo comit\u00ea de sa\u00fade criado pelo governo do Estado para o combate do coronav\u00edrus.<\/p>\n<p>Para o cientista pol\u00edtico Humberto Dantas, doutor pela USP, pesquisador da FGV e head de educa\u00e7\u00e3o do Centro de Lideran\u00e7a P\u00fablica (CLP), tamb\u00e9m \u00e9 poss\u00edvel incluir um c\u00e1lculo pol\u00edtico nesse &#8220;n\u00e3o lockdown&#8221; da cidade de S\u00e3o Paulo.<\/p>\n<p>&#8220;Do ponto de vista pol\u00edtico e econ\u00f4mico deve estar existindo uma press\u00e3o muito grande para n\u00e3o fazer o lockdown na cidade de S\u00e3o Paulo. N\u00e3o podemos esquecer que esse \u00e9 um ano eleitoral. Isso pode fazer parte de uma estrat\u00e9gia partid\u00e1ria. Ao declarar o lockdown, Covas pode ter preju\u00edzos eleitorais no curto prazo. J\u00e1 o governador n\u00e3o tem nenhuma elei\u00e7\u00e3o no seu horizonte&#8221;, diz.<\/p>\n<p>Para al\u00e9m dos aspectos pol\u00edticos, a n\u00e3o decreta\u00e7\u00e3o de fechamento total pela prefeitura tamb\u00e9m divide especialistas. &#8220;O prefeito est\u00e1 certo no sentido de que nenhuma cidade \u00e9 uma ilha, mas, por outro lado, acredito que S\u00e3o Paulo seria uma cidade mais influenciadora do que influenciada. Ou seja, o lockdown em S\u00e3o Paulo traria mais efeitos positivos para toda a regi\u00e3o do que problemas para a cidade de S\u00e3o Paulo. A cidade seria menos afetada pelas demais&#8221;, afirma Carlos Magno Castelo Branco, infectologista e epidemiologista da Unesp e membro do Comit\u00ea de Contingenciamento do Estado.<\/p>\n<p>J\u00e1 para o m\u00e9dico sanitarista e professor de administra\u00e7\u00e3o hospitalar e sistemas de sa\u00fade da FGV, Walter Cintra Ferreira, o prefeito est\u00e1 correto no que diz respeito a necessidade de envolver outras cidades em um lockdown. &#8220;Ele tem raz\u00e3o quando diz que n\u00e3o tem como falar em lockdown sem a participa\u00e7\u00e3o de outras cidades, principalmente da regi\u00e3o metropolitana. Em S\u00e3o Paulo, passamos de uma cidade para outra sem perceber. Essa n\u00e3o pode ser uma decis\u00e3o solit\u00e1ria do prefeito. Isso tem que ser discutido em n\u00edvel regional entre as secretarias de sa\u00fade. Mas, quando olhamos para a nossa taxa de ocupa\u00e7\u00e3o de leitos, fica claro que \u00e9 preciso pensar em lockdown.&#8221;<\/p>\n<p>O professor de epidemiologia da Faculdade de Sa\u00fade P\u00fablica da USP Eliseu Alves Waldman, considera que decretar o lockdown ser\u00e1 inevit\u00e1vel em breve. &#8220;Basta acompanhar a situa\u00e7\u00e3o da ocupa\u00e7\u00e3o dos leitos em hospitais&#8221;. &#8220;O problema \u00e9 que estamos vivendo essa pandemia com um ru\u00eddo muito forte. Acho que a demora de assumir um lockdown est\u00e1 ligada a esse ru\u00eddo. Se a sociedade est\u00e1 com problema para obedecer algo mais suave como a quarentena, como teremos sucesso em um lockdown?&#8221;, questiona.<\/p>\n<p>Segundo Waldman, o lockdown precisaria implicar em uma s\u00e9rie de pol\u00edticas especiais voltadas \u00e0s popula\u00e7\u00f5es mais vulner\u00e1veis. &#8220;\u00c9 preciso atividades educativas e impositivas. Do contr\u00e1rio, ser\u00e1 um lockdown apenas obedecido pela classe m\u00e9dia&#8221;, opina.<\/p>\n<p>O epidemiologista e professor da Faculdade de Medicina da USP Paulo Lotufo defende o fechamento da regi\u00e3o metropolitana e concorda com as dificuldades mencionadas pelo prefeito, mas acredita que a cidade de S\u00e3o Paulo e o governo do Estado deveriam adotar medidas adicionais para conter o avan\u00e7o da pandemia do coronav\u00edrus.<\/p>\n<p>&#8220;Os grandes centros comerciais deveriam ser totalmente bloqueados, poderiam pensar em uma restri\u00e7\u00e3o aos \u00f4nibus intermunicipais, no uso de centros esportivos e escolas como local de confinamento para quem n\u00e3o consegue fazer o isolamento na pr\u00f3pria casa, uma limita\u00e7\u00e3o da quantidade de passageiros no Metr\u00f4 e na CPTM&#8221;, enumera.<\/p>\n<p><strong>Pesquisa<\/strong><\/p>\n<p>Proje\u00e7\u00f5es feitas por pesquisadores da Unicamp indicam que a ado\u00e7\u00e3o do lockdown ser\u00e1 inevit\u00e1vel se o isolamento n\u00e3o subir nas pr\u00f3ximas semanas. Segundo as proje\u00e7\u00f5es, at\u00e9 o fim abril, a taxa de cont\u00e1gio estava em 1,49 para o Estado e de 1,44 para a capital. Ou seja, cada 100 paulistas infectados transmitiam o novo coronav\u00edrus para quase 150 pessoas, em m\u00e9dia.<\/p>\n<p>De acordo com o estudo, \u00e9 preciso atenuar a taxa de cont\u00e1gio livre em 84%, o que seria poss\u00edvel com pelo menos 60% de isolamento social combinado ao uso obrigat\u00f3rio de m\u00e1scaras de boa qualidade.<\/p>\n<p>&nbsp;<\/p>\n<p><strong>Fonte: Terra<\/strong><\/p>\n<p>&nbsp;<\/p>\n","protected":false},"excerpt":{"rendered":"<p>A coletiva do prefeito de S\u00e3o Paulo, Bruno Covas (PSDB), realizada na manh\u00e3 deste domingo, 17, foi cercada pela expectativa de um poss\u00edvel an\u00fancio de lockdown na cidade de S\u00e3o Paulo para conter o avan\u00e7o do novo coronav\u00edrus. N\u00e3o foi o que aconteceu. O prefeito deixou claro que a decis\u00e3o pelo fechamento total deve partir &hellip;<\/p>\n","protected":false},"author":1,"featured_media":6471,"comment_status":"open","ping_status":"open","sticky":false,"template":"","format":"standard","meta":{"_jetpack_newsletter_access":"","_jetpack_dont_email_post_to_subs":false,"_jetpack_newsletter_tier_id":0,"_jetpack_memberships_contains_paywalled_content":false,"_jetpack_memberships_contains_paid_content":false,"footnotes":""},"categories":[1],"tags":[],"class_list":["post-6470","post","type-post","status-publish","format-standard","has-post-thumbnail","hentry","category-destaque"],"jetpack_sharing_enabled":true,"jetpack_featured_media_url":"","_links":{"self":[{"href":"https:\/\/www.oparanews.com.br\/index.php\/wp-json\/wp\/v2\/posts\/6470","targetHints":{"allow":["GET"]}}],"collection":[{"href":"https:\/\/www.oparanews.com.br\/index.php\/wp-json\/wp\/v2\/posts"}],"about":[{"href":"https:\/\/www.oparanews.com.br\/index.php\/wp-json\/wp\/v2\/types\/post"}],"author":[{"embeddable":true,"href":"https:\/\/www.oparanews.com.br\/index.php\/wp-json\/wp\/v2\/users\/1"}],"replies":[{"embeddable":true,"href":"https:\/\/www.oparanews.com.br\/index.php\/wp-json\/wp\/v2\/comments?post=6470"}],"version-history":[{"count":0,"href":"https:\/\/www.oparanews.com.br\/index.php\/wp-json\/wp\/v2\/posts\/6470\/revisions"}],"wp:attachment":[{"href":"https:\/\/www.oparanews.com.br\/index.php\/wp-json\/wp\/v2\/media?parent=6470"}],"wp:term":[{"taxonomy":"category","embeddable":true,"href":"https:\/\/www.oparanews.com.br\/index.php\/wp-json\/wp\/v2\/categories?post=6470"},{"taxonomy":"post_tag","embeddable":true,"href":"https:\/\/www.oparanews.com.br\/index.php\/wp-json\/wp\/v2\/tags?post=6470"}],"curies":[{"name":"wp","href":"https:\/\/api.w.org\/{rel}","templated":true}]}}