{"id":6473,"date":"2020-05-18T18:21:01","date_gmt":"2020-05-18T18:21:01","guid":{"rendered":"https:\/\/oparanews.com.br\/?p=6473"},"modified":"2020-05-18T18:21:01","modified_gmt":"2020-05-18T18:21:01","slug":"collor-pede-desculpas-por-confisco-da-poupanca-apos-30-anos","status":"publish","type":"post","link":"https:\/\/www.oparanews.com.br\/index.php\/2020\/05\/18\/collor-pede-desculpas-por-confisco-da-poupanca-apos-30-anos\/","title":{"rendered":"Collor pede desculpas por confisco da poupan\u00e7a ap\u00f3s 30 anos"},"content":{"rendered":"<p>O ex-presidente Fernando Collor de Mello pediu perd\u00e3o nesta segunda-feira, 18, pelo confisco de saldos de cadernetas de poupan\u00e7a e contas correntes em mar\u00e7o de 1990. Pelo Twitter, o agora senador disse que acreditou que as medidas radicais poderiam conter a infla\u00e7\u00e3o.<\/p>\n<p>O pedido de desculpas acontece mais de 30 anos ap\u00f3s o an\u00fancio do Plano Collor 1, em 16 de mar\u00e7o de 1990. &#8220;Acreditei que aquelas medidas radicais eram o caminho certo. Infelizmente errei. Gostaria de pedir perd\u00e3o a todas aquelas pessoas que foram prejudicadas pelo bloqueio dos ativos&#8221;, escreveu.<\/p>\n<p>Collor disse que o objetivo central de sua equipe era conter a hiperinfla\u00e7\u00e3o de 80% ao m\u00eas e que n\u00e3o via alternativa vi\u00e1vel na \u00e9poca. A situa\u00e7\u00e3o econ\u00f4mica do Pa\u00eds, segundo ele, prejudicava os mais pobres e as &#8220;pessoas estavam morrendo de fome&#8221;.<\/p>\n<p>&#8220;Era uma decis\u00e3o dific\u00edlima. Mas resolvi assumir o risco. Sabia que arriscava ali perder a minha popularidade e at\u00e9 mesmo a Presid\u00eancia&#8221;, diz a publica\u00e7\u00e3o. &#8220;Quisemos muito acertar. Nosso objetivo sempre foi o bem do Brasil e dos brasileiros.&#8221;<\/p>\n<p>Nas \u00faltimas semanas, o ex-presidente tem refor\u00e7ado sua presen\u00e7a nas redes sociais e abriu espa\u00e7o para internautas enviarem perguntas. &#8220;Respondo toda e qualquer quest\u00e3o, mas o volume t\u00e1 muito grande e vou aos poucos.&#8221;<\/p>\n<p>&nbsp;<\/p>\n<p><strong>Fonte: Terra<\/strong><\/p>\n<p>&nbsp;<\/p>\n","protected":false},"excerpt":{"rendered":"<p>O ex-presidente Fernando Collor de Mello pediu perd\u00e3o nesta segunda-feira, 18, pelo confisco de saldos de cadernetas de poupan\u00e7a e contas correntes em mar\u00e7o de 1990. Pelo Twitter, o agora senador disse que acreditou que as medidas radicais poderiam conter a infla\u00e7\u00e3o. O pedido de desculpas acontece mais de 30 anos ap\u00f3s o an\u00fancio do &hellip;<\/p>\n","protected":false},"author":1,"featured_media":6474,"comment_status":"open","ping_status":"open","sticky":false,"template":"","format":"standard","meta":{"_jetpack_newsletter_access":"","_jetpack_dont_email_post_to_subs":false,"_jetpack_newsletter_tier_id":0,"_jetpack_memberships_contains_paywalled_content":false,"_jetpack_memberships_contains_paid_content":false,"footnotes":""},"categories":[1],"tags":[],"class_list":["post-6473","post","type-post","status-publish","format-standard","has-post-thumbnail","hentry","category-destaque"],"jetpack_sharing_enabled":true,"jetpack_featured_media_url":"","_links":{"self":[{"href":"https:\/\/www.oparanews.com.br\/index.php\/wp-json\/wp\/v2\/posts\/6473","targetHints":{"allow":["GET"]}}],"collection":[{"href":"https:\/\/www.oparanews.com.br\/index.php\/wp-json\/wp\/v2\/posts"}],"about":[{"href":"https:\/\/www.oparanews.com.br\/index.php\/wp-json\/wp\/v2\/types\/post"}],"author":[{"embeddable":true,"href":"https:\/\/www.oparanews.com.br\/index.php\/wp-json\/wp\/v2\/users\/1"}],"replies":[{"embeddable":true,"href":"https:\/\/www.oparanews.com.br\/index.php\/wp-json\/wp\/v2\/comments?post=6473"}],"version-history":[{"count":0,"href":"https:\/\/www.oparanews.com.br\/index.php\/wp-json\/wp\/v2\/posts\/6473\/revisions"}],"wp:attachment":[{"href":"https:\/\/www.oparanews.com.br\/index.php\/wp-json\/wp\/v2\/media?parent=6473"}],"wp:term":[{"taxonomy":"category","embeddable":true,"href":"https:\/\/www.oparanews.com.br\/index.php\/wp-json\/wp\/v2\/categories?post=6473"},{"taxonomy":"post_tag","embeddable":true,"href":"https:\/\/www.oparanews.com.br\/index.php\/wp-json\/wp\/v2\/tags?post=6473"}],"curies":[{"name":"wp","href":"https:\/\/api.w.org\/{rel}","templated":true}]}}