{"id":6487,"date":"2020-05-18T18:33:52","date_gmt":"2020-05-18T18:33:52","guid":{"rendered":"https:\/\/oparanews.com.br\/?p=6487"},"modified":"2020-05-18T18:33:52","modified_gmt":"2020-05-18T18:33:52","slug":"prefeitura-de-penedo-decreta-luto-em-homenagem-ao-dr-helio-lopes","status":"publish","type":"post","link":"https:\/\/www.oparanews.com.br\/index.php\/2020\/05\/18\/prefeitura-de-penedo-decreta-luto-em-homenagem-ao-dr-helio-lopes\/","title":{"rendered":"Prefeitura de Penedo decreta luto em homenagem ao Dr. H\u00e9lio Lopes"},"content":{"rendered":"<p>O munic\u00edpio de Penedo est\u00e1 de luto em virtude do falecimento do m\u00e9dico penedense e ex-prefeito H\u00e9lio Nogueira Lopes, gestor no per\u00edodo de 1956 a 1961.<\/p>\n<p>A homenagem ao cidad\u00e3o com relevantes servi\u00e7os prestados ao povo de Penedo e de Alagoas est\u00e1 no Decreto Municipal n\u00ba 678\/2020, publicado no Di\u00e1rio Oficial do Munic\u00edpio nesta segunda-feira, 18 de maio.<\/p>\n<p>O ato oficializa luto por per\u00edodo de 7 dias no munic\u00edpio de Penedo em reconhecimento \u00e0 vida exemplar do Dr. H\u00e9lio Lopes, no exerc\u00edcio da medicina, em sua vida p\u00fablica e familiar.<\/p>\n<p>Pediatra por forma\u00e7\u00e3o, ele desempenhou sua miss\u00e3o com dignidade e amor ao pr\u00f3ximo, dedica\u00e7\u00e3o reconhecida publicamente.<\/p>\n<p>Doutor H\u00e9lio Lopes foi provedor da Santa Casa de Miseric\u00f3rdia de Penedo e Secret\u00e1rio de Sa\u00fade de Alagoas no per\u00edodo de 1975 a 1978, mesmo ano em que se elegeu deputado estadual, o primeiro de seus tr\u00eas mandatos na Casa de Tavares Bastos.<\/p>\n<p>O ato assinado pelo prefeito M\u00e1rcius Beltr\u00e3o presta condol\u00eancias \u00e0 fam\u00edlia do Dr. H\u00e9lio Lopes, pai do Vice-Prefeito Ronaldo Lopes, e destaca a inspira\u00e7\u00e3o que o ilustre penedense para a realiza\u00e7\u00e3o de \u201cmelhores a\u00e7\u00f5es humanas\u201d.<\/p>\n<p>&nbsp;<\/p>\n<p><strong>por Fernando Vin\u00edcius \u2013 Decom PMP<\/strong><\/p>\n<p>&nbsp;<\/p>\n","protected":false},"excerpt":{"rendered":"<p>O munic\u00edpio de Penedo est\u00e1 de luto em virtude do falecimento do m\u00e9dico penedense e ex-prefeito H\u00e9lio Nogueira Lopes, gestor no per\u00edodo de 1956 a 1961. A homenagem ao cidad\u00e3o com relevantes servi\u00e7os prestados ao povo de Penedo e de Alagoas est\u00e1 no Decreto Municipal n\u00ba 678\/2020, publicado no Di\u00e1rio Oficial do Munic\u00edpio nesta segunda-feira, &hellip;<\/p>\n","protected":false},"author":1,"featured_media":6488,"comment_status":"open","ping_status":"open","sticky":false,"template":"","format":"standard","meta":{"_jetpack_newsletter_access":"","_jetpack_dont_email_post_to_subs":false,"_jetpack_newsletter_tier_id":0,"_jetpack_memberships_contains_paywalled_content":false,"_jetpack_memberships_contains_paid_content":false,"footnotes":""},"categories":[1],"tags":[],"class_list":["post-6487","post","type-post","status-publish","format-standard","has-post-thumbnail","hentry","category-destaque"],"jetpack_sharing_enabled":true,"jetpack_featured_media_url":"","_links":{"self":[{"href":"https:\/\/www.oparanews.com.br\/index.php\/wp-json\/wp\/v2\/posts\/6487","targetHints":{"allow":["GET"]}}],"collection":[{"href":"https:\/\/www.oparanews.com.br\/index.php\/wp-json\/wp\/v2\/posts"}],"about":[{"href":"https:\/\/www.oparanews.com.br\/index.php\/wp-json\/wp\/v2\/types\/post"}],"author":[{"embeddable":true,"href":"https:\/\/www.oparanews.com.br\/index.php\/wp-json\/wp\/v2\/users\/1"}],"replies":[{"embeddable":true,"href":"https:\/\/www.oparanews.com.br\/index.php\/wp-json\/wp\/v2\/comments?post=6487"}],"version-history":[{"count":0,"href":"https:\/\/www.oparanews.com.br\/index.php\/wp-json\/wp\/v2\/posts\/6487\/revisions"}],"wp:attachment":[{"href":"https:\/\/www.oparanews.com.br\/index.php\/wp-json\/wp\/v2\/media?parent=6487"}],"wp:term":[{"taxonomy":"category","embeddable":true,"href":"https:\/\/www.oparanews.com.br\/index.php\/wp-json\/wp\/v2\/categories?post=6487"},{"taxonomy":"post_tag","embeddable":true,"href":"https:\/\/www.oparanews.com.br\/index.php\/wp-json\/wp\/v2\/tags?post=6487"}],"curies":[{"name":"wp","href":"https:\/\/api.w.org\/{rel}","templated":true}]}}