{"id":6490,"date":"2020-05-18T18:36:33","date_gmt":"2020-05-18T18:36:33","guid":{"rendered":"https:\/\/oparanews.com.br\/?p=6490"},"modified":"2020-05-18T18:36:33","modified_gmt":"2020-05-18T18:36:33","slug":"paciente-com-suspeita-de-covid-19-foge-de-hospital-em-maceio","status":"publish","type":"post","link":"https:\/\/www.oparanews.com.br\/index.php\/2020\/05\/18\/paciente-com-suspeita-de-covid-19-foge-de-hospital-em-maceio\/","title":{"rendered":"Paciente com suspeita de Covid-19 foge de hospital em Macei\u00f3"},"content":{"rendered":"<p>Um homem com transtornos psiqui\u00e1tricos e que foi internado no Hospital Escola Dr. Helvio Auto (HEHA), em Macei\u00f3, fugiu nesta segunda-feira (18). A informa\u00e7\u00e3o foi confirmada pela assessoria do hospital.<\/p>\n<p>Por meio de nota \u00e0 imprensa, o hospital comunicou que o paciente, que n\u00e3o teve o nome divulgado, tem esquizofrenia, n\u00e3o tinha um respons\u00e1vel legal e antes de ser internado se encontrava em um abrigo provis\u00f3rio no Centro de Educa\u00e7\u00e3o de Jovens e Adultos, no centro de Macei\u00f3.<\/p>\n<p>Vigilantes do hospital ainda tentaram evitar que o homem fosse embora, mas n\u00e3o conseguiram. Ainda segundo o hospital, as interna\u00e7\u00f5es n\u00e3o s\u00e3o obrigat\u00f3rias por lei e, por isso, n\u00e3o tem poder de pol\u00edcia para obrigar os pacientes a ficarem internados.<\/p>\n<p>Equipes do Consult\u00f3rio na Rua, iniciativa da Prefeitura de Macei\u00f3, tentar convencer o homem a voltar para a unidade hospitalar e continuar o tratamento.<\/p>\n<p>A Secretaria de Estado da Sa\u00fade (Sesau) j\u00e1 foi informada do caso por meio do Centro de Informa\u00e7\u00f5es Estrat\u00e9gicas em Vigil\u00e2ncia em Sa\u00fade (Cievs).<\/p>\n<p><strong>Outras fugas no H\u00e9lvio Auto<\/strong><\/p>\n<p>Casos parecidos j\u00e1 aconteceram no hospital desde o in\u00edcio da pandemia. No final de abril, um casal que tinha teste positivo para Covid-19 fugiu do hospital e foi localizado dias depois, sendo levados de volta \u00e0 unidade de sa\u00fade para concluir o tratamento.<\/p>\n<p>No in\u00edcio deste m\u00eas, uma outra mulher, tamb\u00e9m com Covid-19, chegou a fugir do hospital, foi levada de volta no dia seguinte, mas teve uma crise de abstin\u00eancia de drogas e quebrou as portas do hospital.<\/p>\n<p>&nbsp;<\/p>\n<p><strong>Fonte: G1\/AL<\/strong><\/p>\n<p>&nbsp;<\/p>\n","protected":false},"excerpt":{"rendered":"<p>Um homem com transtornos psiqui\u00e1tricos e que foi internado no Hospital Escola Dr. Helvio Auto (HEHA), em Macei\u00f3, fugiu nesta segunda-feira (18). A informa\u00e7\u00e3o foi confirmada pela assessoria do hospital. Por meio de nota \u00e0 imprensa, o hospital comunicou que o paciente, que n\u00e3o teve o nome divulgado, tem esquizofrenia, n\u00e3o tinha um respons\u00e1vel legal &hellip;<\/p>\n","protected":false},"author":1,"featured_media":6491,"comment_status":"open","ping_status":"open","sticky":false,"template":"","format":"standard","meta":{"_jetpack_newsletter_access":"","_jetpack_dont_email_post_to_subs":false,"_jetpack_newsletter_tier_id":0,"_jetpack_memberships_contains_paywalled_content":false,"_jetpack_memberships_contains_paid_content":false,"footnotes":""},"categories":[1],"tags":[],"class_list":["post-6490","post","type-post","status-publish","format-standard","has-post-thumbnail","hentry","category-destaque"],"jetpack_sharing_enabled":true,"jetpack_featured_media_url":"","_links":{"self":[{"href":"https:\/\/www.oparanews.com.br\/index.php\/wp-json\/wp\/v2\/posts\/6490","targetHints":{"allow":["GET"]}}],"collection":[{"href":"https:\/\/www.oparanews.com.br\/index.php\/wp-json\/wp\/v2\/posts"}],"about":[{"href":"https:\/\/www.oparanews.com.br\/index.php\/wp-json\/wp\/v2\/types\/post"}],"author":[{"embeddable":true,"href":"https:\/\/www.oparanews.com.br\/index.php\/wp-json\/wp\/v2\/users\/1"}],"replies":[{"embeddable":true,"href":"https:\/\/www.oparanews.com.br\/index.php\/wp-json\/wp\/v2\/comments?post=6490"}],"version-history":[{"count":0,"href":"https:\/\/www.oparanews.com.br\/index.php\/wp-json\/wp\/v2\/posts\/6490\/revisions"}],"wp:attachment":[{"href":"https:\/\/www.oparanews.com.br\/index.php\/wp-json\/wp\/v2\/media?parent=6490"}],"wp:term":[{"taxonomy":"category","embeddable":true,"href":"https:\/\/www.oparanews.com.br\/index.php\/wp-json\/wp\/v2\/categories?post=6490"},{"taxonomy":"post_tag","embeddable":true,"href":"https:\/\/www.oparanews.com.br\/index.php\/wp-json\/wp\/v2\/tags?post=6490"}],"curies":[{"name":"wp","href":"https:\/\/api.w.org\/{rel}","templated":true}]}}