{"id":6493,"date":"2020-05-18T18:39:45","date_gmt":"2020-05-18T18:39:45","guid":{"rendered":"https:\/\/oparanews.com.br\/?p=6493"},"modified":"2020-05-18T18:39:45","modified_gmt":"2020-05-18T18:39:45","slug":"justica-suspende-aliquota-de-14-para-aposentados-e-pensionistas","status":"publish","type":"post","link":"https:\/\/www.oparanews.com.br\/index.php\/2020\/05\/18\/justica-suspende-aliquota-de-14-para-aposentados-e-pensionistas\/","title":{"rendered":"Justi\u00e7a suspende al\u00edquota de 14% para aposentados e pensionistas"},"content":{"rendered":"<p>Uma decis\u00e3o da 16\u00aa Vara C\u00edvel de Macei\u00f3 suspendeu a cobran\u00e7a da contribui\u00e7\u00e3o previdenci\u00e1ria para procuradores do Estado aposentados e pensionistas. A decis\u00e3o foi em car\u00e1ter de tutela de urg\u00eancia e tomada na quarta-feira (13), sendo divulgada na manh\u00e3 desta segunda (18).<\/p>\n<p>Segundo a Associa\u00e7\u00e3o dos Procuradores do Estado de Alagoas, autora da a\u00e7\u00e3o, a cobran\u00e7a para essa categoria seria inconstitucional por causa da regra da base de c\u00e1lculo. O desconto de 14% continua valendo para as demais categorias do funcionalismo p\u00fablico.<\/p>\n<p>Com a decis\u00e3o, volta a valer para os procuradores aposentados a incid\u00eancia da contribui\u00e7\u00e3o apenas sobre os valores que excedem o limite dos benef\u00edcios do Regime Geral de Previd\u00eancia Social e n\u00e3o mais do sal\u00e1rio m\u00ednimo, como estava sendo cobrado.<\/p>\n<p>A decis\u00e3o foi da ju\u00edza Maria Ester Fontan Cavalcanti Manso que ainda deve ouvir o estado. Mas afirmou que j\u00e1 h\u00e1 elementos para conceder a tutela.<\/p>\n<p>\u201cComo a alega\u00e7\u00e3o \u00e9 de prova negativa [\u2026], \u00e9 preciso que haja a oitiva da parte R\u00e9 para que se possa formar um Ju\u00edzo de valor, contudo, da an\u00e1lise do art. 149 e par\u00e1grafos da Constitui\u00e7\u00e3o Federal, desde logo se percebe que a incid\u00eancia da contribui\u00e7\u00e3o previdenci\u00e1ria sobre o que exceder o sal\u00e1rio m\u00ednimo \u00e9 uma medida extraordin\u00e1ria que deve vigorar por tempo determinado, cuja temporariedade n\u00e3o se observa na Lei Complementar Estadual n\u00ba 52\/2019\u201d, diz a magistrada.<\/p>\n<p>&nbsp;<\/p>\n<p><strong>Fonte: G1\/AL<\/strong><\/p>\n<p>&nbsp;<\/p>\n","protected":false},"excerpt":{"rendered":"<p>Uma decis\u00e3o da 16\u00aa Vara C\u00edvel de Macei\u00f3 suspendeu a cobran\u00e7a da contribui\u00e7\u00e3o previdenci\u00e1ria para procuradores do Estado aposentados e pensionistas. A decis\u00e3o foi em car\u00e1ter de tutela de urg\u00eancia e tomada na quarta-feira (13), sendo divulgada na manh\u00e3 desta segunda (18). Segundo a Associa\u00e7\u00e3o dos Procuradores do Estado de Alagoas, autora da a\u00e7\u00e3o, a &hellip;<\/p>\n","protected":false},"author":1,"featured_media":6494,"comment_status":"open","ping_status":"open","sticky":false,"template":"","format":"standard","meta":{"_jetpack_newsletter_access":"","_jetpack_dont_email_post_to_subs":false,"_jetpack_newsletter_tier_id":0,"_jetpack_memberships_contains_paywalled_content":false,"_jetpack_memberships_contains_paid_content":false,"footnotes":""},"categories":[1],"tags":[],"class_list":["post-6493","post","type-post","status-publish","format-standard","has-post-thumbnail","hentry","category-destaque"],"jetpack_sharing_enabled":true,"jetpack_featured_media_url":"","_links":{"self":[{"href":"https:\/\/www.oparanews.com.br\/index.php\/wp-json\/wp\/v2\/posts\/6493","targetHints":{"allow":["GET"]}}],"collection":[{"href":"https:\/\/www.oparanews.com.br\/index.php\/wp-json\/wp\/v2\/posts"}],"about":[{"href":"https:\/\/www.oparanews.com.br\/index.php\/wp-json\/wp\/v2\/types\/post"}],"author":[{"embeddable":true,"href":"https:\/\/www.oparanews.com.br\/index.php\/wp-json\/wp\/v2\/users\/1"}],"replies":[{"embeddable":true,"href":"https:\/\/www.oparanews.com.br\/index.php\/wp-json\/wp\/v2\/comments?post=6493"}],"version-history":[{"count":0,"href":"https:\/\/www.oparanews.com.br\/index.php\/wp-json\/wp\/v2\/posts\/6493\/revisions"}],"wp:attachment":[{"href":"https:\/\/www.oparanews.com.br\/index.php\/wp-json\/wp\/v2\/media?parent=6493"}],"wp:term":[{"taxonomy":"category","embeddable":true,"href":"https:\/\/www.oparanews.com.br\/index.php\/wp-json\/wp\/v2\/categories?post=6493"},{"taxonomy":"post_tag","embeddable":true,"href":"https:\/\/www.oparanews.com.br\/index.php\/wp-json\/wp\/v2\/tags?post=6493"}],"curies":[{"name":"wp","href":"https:\/\/api.w.org\/{rel}","templated":true}]}}