{"id":6496,"date":"2020-05-19T01:47:11","date_gmt":"2020-05-19T01:47:11","guid":{"rendered":"https:\/\/oparanews.com.br\/?p=6496"},"modified":"2020-05-19T01:47:11","modified_gmt":"2020-05-19T01:47:11","slug":"novo-decreto-de-emergencia-deve-ter-regras-mais-rigidas-diz-renan-filho","status":"publish","type":"post","link":"https:\/\/www.oparanews.com.br\/index.php\/2020\/05\/19\/novo-decreto-de-emergencia-deve-ter-regras-mais-rigidas-diz-renan-filho\/","title":{"rendered":"Novo decreto de emerg\u00eancia deve ter regras mais r\u00edgidas, diz Renan Filho"},"content":{"rendered":"<p>O governo de Alagoas deve adotar regras mais r\u00edgidas de isolamento para frear o avan\u00e7o do novo coronav\u00edrus no estado, segundo informou o governador Renan Filho (MDB) em uma entrevista coletiva on-line nesta segunda-feira (18).<\/p>\n<p>A \u00faltima prorroga\u00e7\u00e3o do decreto aconteceu no dia 5, com validade at\u00e9 o pr\u00f3ximo dia 20. Alguns setores do com\u00e9rcio puderam reabrir e o uso de m\u00e1scaras se tornou obrigat\u00f3rio para quem necessita sair de casa.<\/p>\n<p>\u201cO novo decreto dever\u00e1 ser anunciado nos pr\u00f3ximos dias. Vamos avaliar hoje e amanh\u00e3 o que precisa ser modificado, levando em considera\u00e7\u00e3o o que os m\u00e9dicos e especialistas avaliaram at\u00e9 o momento\u201d, disse o governador.<\/p>\n<p>Ele deve se reunir com o secret\u00e1rio de sa\u00fade, Alexandre Ayres, e com o secret\u00e1rio de Planejamento ainda nesta segunda para estudar essas medidas.<\/p>\n<p>Questionado sobre a possibilidade de isolamento total e compuls\u00f3rio, o chamado lockdown, Renan Filho disse que ainda n\u00e3o foi descartada a possibilidade.<\/p>\n<p>\u201cO estado est\u00e1 avaliando todas as recomenda\u00e7\u00f5es, uma parte da sociedade m\u00e9dica fala em medidas mais duras, inclusive o lockdown. N\u00f3s vamos avaliar todos os detalhes na ter\u00e7a-feira, pra na quarta-feira tomar a decis\u00e3o para adiante. Todas as possibilidades est\u00e3o abertas, entretanto h\u00e1 uma certeza: que n\u00f3s precisamos tomar novas medidas para ampliar o isolamento\u201d, afirmou o governador.<\/p>\n<p>Segundo ele, o estado de Alagoas oscila entre o 10\u00ba, 11\u00ba e 12\u00ba lugares em cumprimento do isolamento social.<\/p>\n<p>\u201cOs n\u00fameros t\u00eam aumentado. N\u00f3s vamos continuar pedindo que o cidad\u00e3o que puder, fique em casa. O cidad\u00e3o que fica em casa ajuda a evitar a dissemina\u00e7\u00e3o da doen\u00e7a e o estado faz a sua parte. N\u00e3o h\u00e1 razoabilidade em o estado construir muitos leitos e muita gente adoecer ao mesmo tempo\u201d, explicou Renan Filho.<\/p>\n<p>&nbsp;<\/p>\n<p><strong>Fonte: G1\/AL<\/strong><\/p>\n<p>&nbsp;<\/p>\n","protected":false},"excerpt":{"rendered":"<p>O governo de Alagoas deve adotar regras mais r\u00edgidas de isolamento para frear o avan\u00e7o do novo coronav\u00edrus no estado, segundo informou o governador Renan Filho (MDB) em uma entrevista coletiva on-line nesta segunda-feira (18). A \u00faltima prorroga\u00e7\u00e3o do decreto aconteceu no dia 5, com validade at\u00e9 o pr\u00f3ximo dia 20. Alguns setores do com\u00e9rcio &hellip;<\/p>\n","protected":false},"author":1,"featured_media":6497,"comment_status":"open","ping_status":"open","sticky":false,"template":"","format":"standard","meta":{"_jetpack_newsletter_access":"","_jetpack_dont_email_post_to_subs":false,"_jetpack_newsletter_tier_id":0,"_jetpack_memberships_contains_paywalled_content":false,"_jetpack_memberships_contains_paid_content":false,"footnotes":""},"categories":[1],"tags":[],"class_list":["post-6496","post","type-post","status-publish","format-standard","has-post-thumbnail","hentry","category-destaque"],"jetpack_sharing_enabled":true,"jetpack_featured_media_url":"","_links":{"self":[{"href":"https:\/\/www.oparanews.com.br\/index.php\/wp-json\/wp\/v2\/posts\/6496","targetHints":{"allow":["GET"]}}],"collection":[{"href":"https:\/\/www.oparanews.com.br\/index.php\/wp-json\/wp\/v2\/posts"}],"about":[{"href":"https:\/\/www.oparanews.com.br\/index.php\/wp-json\/wp\/v2\/types\/post"}],"author":[{"embeddable":true,"href":"https:\/\/www.oparanews.com.br\/index.php\/wp-json\/wp\/v2\/users\/1"}],"replies":[{"embeddable":true,"href":"https:\/\/www.oparanews.com.br\/index.php\/wp-json\/wp\/v2\/comments?post=6496"}],"version-history":[{"count":0,"href":"https:\/\/www.oparanews.com.br\/index.php\/wp-json\/wp\/v2\/posts\/6496\/revisions"}],"wp:attachment":[{"href":"https:\/\/www.oparanews.com.br\/index.php\/wp-json\/wp\/v2\/media?parent=6496"}],"wp:term":[{"taxonomy":"category","embeddable":true,"href":"https:\/\/www.oparanews.com.br\/index.php\/wp-json\/wp\/v2\/categories?post=6496"},{"taxonomy":"post_tag","embeddable":true,"href":"https:\/\/www.oparanews.com.br\/index.php\/wp-json\/wp\/v2\/tags?post=6496"}],"curies":[{"name":"wp","href":"https:\/\/api.w.org\/{rel}","templated":true}]}}