{"id":6502,"date":"2020-05-19T14:23:40","date_gmt":"2020-05-19T14:23:40","guid":{"rendered":"https:\/\/oparanews.com.br\/?p=6502"},"modified":"2020-05-19T14:23:40","modified_gmt":"2020-05-19T14:23:40","slug":"pesquisador-da-ufal-explica-previsao-de-colapso-do-sistema-de-saude-em-alagoas","status":"publish","type":"post","link":"https:\/\/www.oparanews.com.br\/index.php\/2020\/05\/19\/pesquisador-da-ufal-explica-previsao-de-colapso-do-sistema-de-saude-em-alagoas\/","title":{"rendered":"Pesquisador da Ufal explica previs\u00e3o de colapso do sistema de sa\u00fade em Alagoas"},"content":{"rendered":"<p>Um grupo de pesquisadores da Universidade Federal de Alagoas est\u00e1 se dedicando a estudar a pandemia do coronav\u00edrus no estado e o sistema de sa\u00fade alagoano. Em estudo preliminar, o grupo tinha apontado como dia 15 de maio como a data para o pico e colapso no sistema hospitalar, caso n\u00e3o fossem inaugurados novos leitos. Com a entrega dos leitos, a previs\u00e3o de pico foi adiada.<\/p>\n<p>De acordo com o professor S\u00e9rgio Lira, em entrevista ao programa Cidade Alerta Alagoas, da TV Paju\u00e7ara, a nova previs\u00e3o dos estudiosos \u00e9 que no pr\u00f3ximo dia 27 haja um congestionamento nos hospitais. &#8220;A curva cresce muito mais r\u00e1pido do que a gente consegue expandir a capacidade de leitos. Por isso \u00e9 necess\u00e1rio complementar isso com a intensifica\u00e7\u00e3o do isolamento social&#8221;, disse o professor.<\/p>\n<p>&#8220;A gente pode fazer previs\u00f5es de cen\u00e1rios do pico, mas isso depende muito de como a popula\u00e7\u00e3o vai se comportar. Se a popula\u00e7\u00e3o relaxa, e a gente tem um baixo isolamento social, o pico vem mais cedo e vem muito alto. Muitas pessoas n\u00e3o poder\u00e3o ser atendidas pelos hospitais. E isso vai provocar um grande caos no sistema hospitalar, consequentemente tamb\u00e9m no sistema funer\u00e1rio e vai aumentar muito a mortalidade causada pela covid-19&#8221;, explicou o pesquisador.<\/p>\n<p>&#8220;Mas se a gente aumenta o isolamento social, a gente faz o chamado &#8216;achatamento da curva&#8217;. O pico vai demorar mais pra vir e quando vier, vai ter um pico menor, uma demanda menor de leitos e a gente vai ter mais possibilidade de atender \u00e0s pessoas que precisam&#8221;, complementou.<\/p>\n<p>Confira a entrevista completa:<\/p>\n<p><iframe loading=\"lazy\" title=\"Pesquisador da Ufal fala sobre previs\u00e3o de colapso do sistema de sa\u00fade em Alagoas\" width=\"500\" height=\"281\" src=\"https:\/\/www.youtube.com\/embed\/1YHCbq8fsQc?feature=oembed\" frameborder=\"0\" allow=\"accelerometer; autoplay; clipboard-write; encrypted-media; gyroscope; picture-in-picture; web-share\" referrerpolicy=\"strict-origin-when-cross-origin\" allowfullscreen><\/iframe><\/p>\n<p><strong>Fonte: TNH1<\/strong><\/p>\n","protected":false},"excerpt":{"rendered":"<p>Um grupo de pesquisadores da Universidade Federal de Alagoas est\u00e1 se dedicando a estudar a pandemia do coronav\u00edrus no estado e o sistema de sa\u00fade alagoano. Em estudo preliminar, o grupo tinha apontado como dia 15 de maio como a data para o pico e colapso no sistema hospitalar, caso n\u00e3o fossem inaugurados novos leitos. &hellip;<\/p>\n","protected":false},"author":1,"featured_media":6503,"comment_status":"open","ping_status":"open","sticky":false,"template":"","format":"standard","meta":{"_jetpack_newsletter_access":"","_jetpack_dont_email_post_to_subs":false,"_jetpack_newsletter_tier_id":0,"_jetpack_memberships_contains_paywalled_content":false,"_jetpack_memberships_contains_paid_content":false,"footnotes":""},"categories":[1],"tags":[],"class_list":["post-6502","post","type-post","status-publish","format-standard","has-post-thumbnail","hentry","category-destaque"],"jetpack_sharing_enabled":true,"jetpack_featured_media_url":"","_links":{"self":[{"href":"https:\/\/www.oparanews.com.br\/index.php\/wp-json\/wp\/v2\/posts\/6502","targetHints":{"allow":["GET"]}}],"collection":[{"href":"https:\/\/www.oparanews.com.br\/index.php\/wp-json\/wp\/v2\/posts"}],"about":[{"href":"https:\/\/www.oparanews.com.br\/index.php\/wp-json\/wp\/v2\/types\/post"}],"author":[{"embeddable":true,"href":"https:\/\/www.oparanews.com.br\/index.php\/wp-json\/wp\/v2\/users\/1"}],"replies":[{"embeddable":true,"href":"https:\/\/www.oparanews.com.br\/index.php\/wp-json\/wp\/v2\/comments?post=6502"}],"version-history":[{"count":0,"href":"https:\/\/www.oparanews.com.br\/index.php\/wp-json\/wp\/v2\/posts\/6502\/revisions"}],"wp:attachment":[{"href":"https:\/\/www.oparanews.com.br\/index.php\/wp-json\/wp\/v2\/media?parent=6502"}],"wp:term":[{"taxonomy":"category","embeddable":true,"href":"https:\/\/www.oparanews.com.br\/index.php\/wp-json\/wp\/v2\/categories?post=6502"},{"taxonomy":"post_tag","embeddable":true,"href":"https:\/\/www.oparanews.com.br\/index.php\/wp-json\/wp\/v2\/tags?post=6502"}],"curies":[{"name":"wp","href":"https:\/\/api.w.org\/{rel}","templated":true}]}}