{"id":6508,"date":"2020-05-19T16:33:49","date_gmt":"2020-05-19T16:33:49","guid":{"rendered":"https:\/\/oparanews.com.br\/?p=6508"},"modified":"2020-05-19T16:33:49","modified_gmt":"2020-05-19T16:33:49","slug":"prefeitura-de-penedo-divulga-casos-confirmados-de-covid-19-por-area-do-municipio","status":"publish","type":"post","link":"https:\/\/www.oparanews.com.br\/index.php\/2020\/05\/19\/prefeitura-de-penedo-divulga-casos-confirmados-de-covid-19-por-area-do-municipio\/","title":{"rendered":"Prefeitura de Penedo divulga casos confirmados de Covid-19 por \u00e1rea do munic\u00edpio"},"content":{"rendered":"<p>Penedo tem casos confirmados de cont\u00e1gio por coronav\u00edrus em pessoas que residem tanto na \u00e1rea urbana quanto na zona rural. A constata\u00e7\u00e3o est\u00e1 no boletim divulgado nesta ter\u00e7a-feira, 19, pela Secretaria Municipal de Sa\u00fade (SEMS), dados que refor\u00e7am a necessidade de isolamento e do distanciamento social para o enfrentamento da pandemia.<\/p>\n<p><a href=\"https:\/\/oparanews.com.br\/wp-content\/uploads\/2020\/05\/Sem-t\u00edtulo-37.jpg\"><img loading=\"lazy\" decoding=\"async\" class=\"alignleft size-medium wp-image-6509\" src=\"https:\/\/oparanews.com.br\/wp-content\/uploads\/2020\/05\/Sem-t\u00edtulo-37-273x300.jpg\" alt=\"\" width=\"273\" height=\"300\" \/><\/a>Dentro da cidade, h\u00e1 casos confirmados de Covid-19 em \u00e1reas da parte alta e da parte baixa. O boletim aponta um caso no bairro Santo Ant\u00f4nio, o tradicional Barro Vermelho, e tr\u00eas no Centro.<\/p>\n<p>Os dados oficiais registram um caso no bairro Senhor do Bonfim (Oiteiro), um no Santa Luzia (Barro Duro) e quatro no Dom Constantino L\u00fcers, bairro que abrange loteamentos, conjuntos e outras \u00e1reas residenciais.<\/p>\n<p><strong>Zona Rural<\/strong><\/p>\n<p>A contamina\u00e7\u00e3o de pessoas pelo v\u00edrus da gripe que j\u00e1 causou dois \u00f3bitos em pessoas residentes em Penedo tamb\u00e9m atinge a zona rural do munic\u00edpio. S\u00e3o dois casos no povoado Palmeira Alta e um no povoado Santa Margarida.<\/p>\n<p>Por quest\u00f5es legais e at\u00e9 para evitar a discrimina\u00e7\u00e3o de pessoas infectadas por Covid-19, a Prefeitura de Penedo n\u00e3o pode divulgar a identidade dos pacientes.<\/p>\n<p>Para evitar a propaga\u00e7\u00e3o do coronav\u00edrus, a popula\u00e7\u00e3o deve evitar sair de casa e, quando necess\u00e1rio, deixar a resid\u00eancia utilizando m\u00e1scara facial, condi\u00e7\u00e3o obrigat\u00f3ria que segue as recomenda\u00e7\u00f5es da Organiza\u00e7\u00e3o Mundial da Sa\u00fade (OMS).<\/p>\n<p>&nbsp;<\/p>\n<p><strong>por Fernando Vin\u00edcius \u2013 Decom PMP<\/strong><\/p>\n<p>&nbsp;<\/p>\n","protected":false},"excerpt":{"rendered":"<p>Penedo tem casos confirmados de cont\u00e1gio por coronav\u00edrus em pessoas que residem tanto na \u00e1rea urbana quanto na zona rural. A constata\u00e7\u00e3o est\u00e1 no boletim divulgado nesta ter\u00e7a-feira, 19, pela Secretaria Municipal de Sa\u00fade (SEMS), dados que refor\u00e7am a necessidade de isolamento e do distanciamento social para o enfrentamento da pandemia. Dentro da cidade, h\u00e1 &hellip;<\/p>\n","protected":false},"author":1,"featured_media":6510,"comment_status":"open","ping_status":"open","sticky":false,"template":"","format":"standard","meta":{"_jetpack_newsletter_access":"","_jetpack_dont_email_post_to_subs":false,"_jetpack_newsletter_tier_id":0,"_jetpack_memberships_contains_paywalled_content":false,"_jetpack_memberships_contains_paid_content":false,"footnotes":""},"categories":[1],"tags":[],"class_list":["post-6508","post","type-post","status-publish","format-standard","has-post-thumbnail","hentry","category-destaque"],"jetpack_sharing_enabled":true,"jetpack_featured_media_url":"","_links":{"self":[{"href":"https:\/\/www.oparanews.com.br\/index.php\/wp-json\/wp\/v2\/posts\/6508","targetHints":{"allow":["GET"]}}],"collection":[{"href":"https:\/\/www.oparanews.com.br\/index.php\/wp-json\/wp\/v2\/posts"}],"about":[{"href":"https:\/\/www.oparanews.com.br\/index.php\/wp-json\/wp\/v2\/types\/post"}],"author":[{"embeddable":true,"href":"https:\/\/www.oparanews.com.br\/index.php\/wp-json\/wp\/v2\/users\/1"}],"replies":[{"embeddable":true,"href":"https:\/\/www.oparanews.com.br\/index.php\/wp-json\/wp\/v2\/comments?post=6508"}],"version-history":[{"count":0,"href":"https:\/\/www.oparanews.com.br\/index.php\/wp-json\/wp\/v2\/posts\/6508\/revisions"}],"wp:attachment":[{"href":"https:\/\/www.oparanews.com.br\/index.php\/wp-json\/wp\/v2\/media?parent=6508"}],"wp:term":[{"taxonomy":"category","embeddable":true,"href":"https:\/\/www.oparanews.com.br\/index.php\/wp-json\/wp\/v2\/categories?post=6508"},{"taxonomy":"post_tag","embeddable":true,"href":"https:\/\/www.oparanews.com.br\/index.php\/wp-json\/wp\/v2\/tags?post=6508"}],"curies":[{"name":"wp","href":"https:\/\/api.w.org\/{rel}","templated":true}]}}