{"id":6517,"date":"2020-05-20T00:24:27","date_gmt":"2020-05-20T00:24:27","guid":{"rendered":"https:\/\/oparanews.com.br\/?p=6517"},"modified":"2020-05-20T00:24:27","modified_gmt":"2020-05-20T00:24:27","slug":"ufal-adota-colacao-de-grau-online-para-todos-os-cursos-por-causa-do-novo-coronavirus","status":"publish","type":"post","link":"https:\/\/www.oparanews.com.br\/index.php\/2020\/05\/20\/ufal-adota-colacao-de-grau-online-para-todos-os-cursos-por-causa-do-novo-coronavirus\/","title":{"rendered":"Ufal adota cola\u00e7\u00e3o de grau online para todos os cursos por causa do novo coronav\u00edrus"},"content":{"rendered":"<p>A Universidade Federal de Alagoas (Ufal) decidiu que os concluintes de todos os cursos da institui\u00e7\u00e3o poder\u00e3o colar grau de forma digital, sem a necessidade de ir presencialmente na institui\u00e7\u00e3o abrir processo ou assinar ata, para evitar a propaga\u00e7\u00e3o do novo coronav\u00edrus. A informa\u00e7\u00e3o foi divulgada nesta ter\u00e7a-feira (19). As aulas foram suspensas em mar\u00e7o por tempo indeterminado.<\/p>\n<p>De acordo com a Ufal, ser\u00e3o beneficiados os estudantes que est\u00e3o com a gradua\u00e7\u00e3o completa e os que j\u00e1 tinham dado entrada no pedido de cola\u00e7\u00e3o, mas que tiveram a cerim\u00f4nia suspensa por causa da pandemia. Desde a suspens\u00e3o das aulas na Universidade, apenas estudantes da \u00e1rea da sa\u00fade podiam colar grau.<\/p>\n<p>Em abril, a Ufal antecipou a formatura de estudantes de medicina para que mais profissionais pudessem refor\u00e7ar o combate ao novo coronav\u00edrus.<\/p>\n<p>\u201cCom essa nova forma n\u00e3o tem solenidade. \u00c9 toda documental e vai se aplicar a todos os alunos de todos os cursos da Ufal. Eles v\u00e3o receber, por e-mail, a certid\u00e3o de conclus\u00e3o de curso, o hist\u00f3rico e a c\u00f3pia da portaria\u201d, destacou a diretora do Departamento de Registroe Controle Acad\u00eamico (DRCA), Sarita Ara\u00fajo.<\/p>\n<p>A diretora do DRCA explicou que primeiro v\u00e3o ser resolvidas as cerim\u00f4nias que j\u00e1 estavam agendadas, para depois abrir o formul\u00e1rio eletr\u00f4nico para novas solicita\u00e7\u00f5es de cola\u00e7\u00e3o de grau, que vai ser disponibilizado pelo DRCA. Ser\u00e1 aberto o prazo para que novos concluintes possam solicitar a cola\u00e7\u00e3o por ato administrativo.<\/p>\n<p>\u201cVamos emitir a documenta\u00e7\u00e3o para todos os que estavam com processo aberto e analisado pelo DRCA, antes da suspens\u00e3o. Quando finalizarmos o atendimento dessa demanda que estava parada, abriremos para os alunos que est\u00e3o integralizando os cursos agora para fazer suas solicita\u00e7\u00f5es\u201d, detalha Sarita ao refor\u00e7ar que os documentos referente \u00e0 outorga do grau ser\u00e3o enviados por e-mail.<\/p>\n<p>Ela explica que ser\u00e1 um atendimento gradativo. Um cronograma vai ser publicado, informando sobre quando os estudantes v\u00e3o receber suas documenta\u00e7\u00f5es.<\/p>\n<p>\u201cComo tinham sido suspensas muitas cerim\u00f4nias, vamos seguir a ordem cronol\u00f3gica de agendamento para poder definir a publica\u00e7\u00e3o das portarias com a lista de nomes. A partir disso, enviar ao interessado\u201d, esclarece.<\/p>\n<p>S\u00f3 ap\u00f3s finalizada essa primeira etapa, ser\u00e1 aberto o prazo para que novos concluintes possam solicitar colar grau por ato administrativo.<\/p>\n<p>\u201cOs alunos devem acompanhar o portal da Ufal, pois vamos publicar quando estar\u00e1 dispon\u00edvel o per\u00edodo para solicita\u00e7\u00e3o\u201d, informa Sarita.<\/p>\n<p>Os pedidos ser\u00e3o feitos por meio de formul\u00e1rio eletr\u00f4nico, sem necessidade de ir ao DRCA para abrir processo.<\/p>\n<p>\u201cRessaltando que s\u00f3 ser\u00e1 liberado o formul\u00e1rio depois que atendermos todas as cola\u00e7\u00f5es que j\u00e1 estavam agendadas\u201d, diz a diretora. Ela ainda destaca que as cola\u00e7\u00f5es emergenciais, a exemplo de estudantes da \u00e1rea da Sa\u00fade, continuam sendo realizadas com prioridade.<\/p>\n<p>Para saber como solicitar a cola\u00e7\u00e3o de grau virtual acesse o site da Ufal (clique aqui).<\/p>\n<p>&#8216;Seria irresponsabilidade fazer previs\u00e3o de volta \u00e0s aulas&#8217;, diz reitor<\/p>\n<p>O reitor da Ufal, Josealdo Tonholo, falou em entrevista no AL1 no dia 30 de abril que n\u00e3o havia previs\u00e3o para retomada das aulas na universidade e que as vagas dos \u00faltimos aprovados no Sisu est\u00e3o garantidas.<\/p>\n<p>&nbsp;<\/p>\n<p><strong>Fonte: G1\/AL<\/strong><\/p>\n<p>&nbsp;<\/p>\n","protected":false},"excerpt":{"rendered":"<p>A Universidade Federal de Alagoas (Ufal) decidiu que os concluintes de todos os cursos da institui\u00e7\u00e3o poder\u00e3o colar grau de forma digital, sem a necessidade de ir presencialmente na institui\u00e7\u00e3o abrir processo ou assinar ata, para evitar a propaga\u00e7\u00e3o do novo coronav\u00edrus. A informa\u00e7\u00e3o foi divulgada nesta ter\u00e7a-feira (19). As aulas foram suspensas em mar\u00e7o &hellip;<\/p>\n","protected":false},"author":1,"featured_media":6518,"comment_status":"open","ping_status":"open","sticky":false,"template":"","format":"standard","meta":{"_jetpack_newsletter_access":"","_jetpack_dont_email_post_to_subs":false,"_jetpack_newsletter_tier_id":0,"_jetpack_memberships_contains_paywalled_content":false,"_jetpack_memberships_contains_paid_content":false,"footnotes":""},"categories":[1],"tags":[],"class_list":["post-6517","post","type-post","status-publish","format-standard","has-post-thumbnail","hentry","category-destaque"],"jetpack_sharing_enabled":true,"jetpack_featured_media_url":"","_links":{"self":[{"href":"https:\/\/www.oparanews.com.br\/index.php\/wp-json\/wp\/v2\/posts\/6517","targetHints":{"allow":["GET"]}}],"collection":[{"href":"https:\/\/www.oparanews.com.br\/index.php\/wp-json\/wp\/v2\/posts"}],"about":[{"href":"https:\/\/www.oparanews.com.br\/index.php\/wp-json\/wp\/v2\/types\/post"}],"author":[{"embeddable":true,"href":"https:\/\/www.oparanews.com.br\/index.php\/wp-json\/wp\/v2\/users\/1"}],"replies":[{"embeddable":true,"href":"https:\/\/www.oparanews.com.br\/index.php\/wp-json\/wp\/v2\/comments?post=6517"}],"version-history":[{"count":0,"href":"https:\/\/www.oparanews.com.br\/index.php\/wp-json\/wp\/v2\/posts\/6517\/revisions"}],"wp:attachment":[{"href":"https:\/\/www.oparanews.com.br\/index.php\/wp-json\/wp\/v2\/media?parent=6517"}],"wp:term":[{"taxonomy":"category","embeddable":true,"href":"https:\/\/www.oparanews.com.br\/index.php\/wp-json\/wp\/v2\/categories?post=6517"},{"taxonomy":"post_tag","embeddable":true,"href":"https:\/\/www.oparanews.com.br\/index.php\/wp-json\/wp\/v2\/tags?post=6517"}],"curies":[{"name":"wp","href":"https:\/\/api.w.org\/{rel}","templated":true}]}}